{"id":115250,"date":"2017-06-15T16:28:48","date_gmt":"2017-06-15T19:28:48","guid":{"rendered":"https:\/\/www.redenoticia.com.br\/noticia\/?p=115250"},"modified":"2017-06-15T16:28:48","modified_gmt":"2017-06-15T19:28:48","slug":"resumo-novela-novo-mundo-1606-joaquim-encontra-thomas-no-lugar-de-anna","status":"publish","type":"post","link":"https:\/\/migracao.redenoticia.com.br\/noticia\/2017\/resumo-novela-novo-mundo-1606-joaquim-encontra-thomas-no-lugar-de-anna\/115250","title":{"rendered":"Resumo novela \u201cNovo Mundo\u201d 16\/06: Joaquim encontra Thomas no lugar de Anna"},"content":{"rendered":"<p><img loading=\"lazy\" decoding=\"async\" class=\"alignleft size-thumbnail wp-image-107950\" src=\"https:\/\/migracao.redenoticia.com.br\/noticia\/imagens\/novo_mundo_novela_resumo_globo-150x112.jpg\" alt=\"\" width=\"150\" height=\"112\" srcset=\"https:\/\/migracao.redenoticia.com.br\/noticia\/imagens\/novo_mundo_novela_resumo_globo-150x112.jpg 150w, https:\/\/migracao.redenoticia.com.br\/noticia\/imagens\/novo_mundo_novela_resumo_globo-265x198.jpg 265w\" sizes=\"auto, (max-width: 150px) 100vw, 150px\" \/><strong><em>Resumo novela \u201cNovo Mundo\u201d 16\/06<\/em><\/strong>: no cap\u00edtulo 075(*) da novela \u201cNovo Mundo\u201d, resumo de sexta-feira, 16 de junho, Elvira amea\u00e7a ir com Quinzinho para Portugal. Anna enfrenta Thomas, mas se desespera quando ele se tranca no quarto com Vit\u00f3ria. Dom Pedro inventa uma desculpa para se encontrar com Domitila e Leopoldina se entristece. Wolfgang sugere que Diara v\u00e1 com Ferdinando ao pal\u00e1cio. Cec\u00edlia visita Am\u00e1lia. Peter e Lib\u00e9rio conversam com Pedro sobre a Independ\u00eancia do Brasil. Joaquim recebe um recado de Anna para encontr\u00e1-lo. Bonif\u00e1cio repreende Dom Pedro por suas atitudes. Hugo pede para Elvira fazer uma encena\u00e7\u00e3o para ele. Joaquim encontra Thomas no lugar de Anna.<\/p>\n<p>(*) edi\u00e7\u00e3o da Rede Globo, Novela \u201cNovo Mundo\u201d, sujeito a altera\u00e7\u00e3o de data e conte\u00fado.<\/p>\n<p>Novo Mundo \u00e9 uma telenovela brasileira produzida pela Rede Globo. Escrita por Thereza Falc\u00e3o e Alessandro Marson, conta com dire\u00e7\u00e3o art\u00edstica de Vin\u00edcius Coimbra. Conta com as participa\u00e7\u00f5es de Isabelle Drummond, Chay Suede, Caio Castro, Let\u00edcia Colin, Leo Jaime, D\u00e9bora Olivieri, Rodrigo Simas, Giullia Buscacio, Vivianne Pasmanter, Guilherme Piva, R\u00f4mulo Estrela, Agatha Moreira, Luisa Micheletti, Gabriel Braga Nunes, e Ingrid Guimar\u00e3es.<\/p>\n","protected":false},"excerpt":{"rendered":"<p>Resumo novela \u201cNovo Mundo\u201d 16\/06: no cap\u00edtulo 075(*) da novela \u201cNovo Mundo\u201d, resumo de sexta-feira, 16 de junho, Elvira amea\u00e7a ir com Quinzinho para Portugal. Anna enfrenta Thomas, mas se desespera quando ele se tranca no quarto com Vit\u00f3ria. Dom Pedro inventa uma desculpa para se encontrar com Domitila e Leopoldina se entristece. Wolfgang sugere [&hellip;]<\/p>\n","protected":false},"author":4,"featured_media":107950,"comment_status":"open","ping_status":"closed","sticky":false,"template":"","format":"standard","meta":{"tdm_status":"","tdm_grid_status":"","footnotes":""},"categories":[379,375,343],"tags":[441],"class_list":{"0":"post-115250","1":"post","2":"type-post","3":"status-publish","4":"format-standard","5":"has-post-thumbnail","7":"category-novelas","8":"category-rede-globo","9":"category-televisao","10":"tag-resumo-do-dia"},"_links":{"self":[{"href":"https:\/\/migracao.redenoticia.com.br\/noticia\/wp-json\/wp\/v2\/posts\/115250","targetHints":{"allow":["GET"]}}],"collection":[{"href":"https:\/\/migracao.redenoticia.com.br\/noticia\/wp-json\/wp\/v2\/posts"}],"about":[{"href":"https:\/\/migracao.redenoticia.com.br\/noticia\/wp-json\/wp\/v2\/types\/post"}],"author":[{"embeddable":true,"href":"https:\/\/migracao.redenoticia.com.br\/noticia\/wp-json\/wp\/v2\/users\/4"}],"replies":[{"embeddable":true,"href":"https:\/\/migracao.redenoticia.com.br\/noticia\/wp-json\/wp\/v2\/comments?post=115250"}],"version-history":[{"count":0,"href":"https:\/\/migracao.redenoticia.com.br\/noticia\/wp-json\/wp\/v2\/posts\/115250\/revisions"}],"wp:featuredmedia":[{"embeddable":true,"href":"https:\/\/migracao.redenoticia.com.br\/noticia\/wp-json\/wp\/v2\/media\/107950"}],"wp:attachment":[{"href":"https:\/\/migracao.redenoticia.com.br\/noticia\/wp-json\/wp\/v2\/media?parent=115250"}],"wp:term":[{"taxonomy":"category","embeddable":true,"href":"https:\/\/migracao.redenoticia.com.br\/noticia\/wp-json\/wp\/v2\/categories?post=115250"},{"taxonomy":"post_tag","embeddable":true,"href":"https:\/\/migracao.redenoticia.com.br\/noticia\/wp-json\/wp\/v2\/tags?post=115250"}],"curies":[{"name":"wp","href":"https:\/\/api.w.org\/{rel}","templated":true}]}}