{"id":115270,"date":"2017-06-16T00:06:25","date_gmt":"2017-06-16T03:06:25","guid":{"rendered":"https:\/\/www.redenoticia.com.br\/noticia\/?p=115270"},"modified":"2017-06-15T20:02:08","modified_gmt":"2017-06-15T23:02:08","slug":"pos-doutorado-em-radioastronomia-na-usp-com-bolsa-da-fapesp","status":"publish","type":"post","link":"https:\/\/migracao.redenoticia.com.br\/noticia\/2017\/pos-doutorado-em-radioastronomia-na-usp-com-bolsa-da-fapesp\/115270","title":{"rendered":"P\u00f3s-Doutorado em Radioastronomia na USP com Bolsa da FAPESP"},"content":{"rendered":"<p> Ag\u00eancia FAPESP \u2013 O Instituto de Astronomia, Geof\u00edsica e Ci\u00eancias Atmosf\u00e9ricas (IAG) da Universidade de S\u00e3o Paulo (USP) oferece tr\u00eas oportunidades de <strong><em>P\u00f3s-Doutorado em Radioastronomia<\/em><\/strong> com Bolsa da FAPESP. Os prazos de inscri\u00e7\u00e3o encerram em 20 de junho. As bolsas est\u00e3o vinculadas ao Projeto Tem\u00e1tico \u201c\u201d, uma colabora\u00e7\u00e3o Brasil-Argentina para a constru\u00e7\u00e3o e opera\u00e7\u00e3o de um observat\u00f3rio mm\/submm, a 4.800 m de altitude, nos Andes, na prov\u00edncia de Salta, Argentina.<\/p>\n<p>Os bolsistas participar\u00e3o do comissionamento da antena de 12 m (apontamento, holografia, verifica\u00e7\u00e3o de modos de observa\u00e7\u00e3o, calibra\u00e7\u00e3o e primeiras observa\u00e7\u00f5es cient\u00edficas). O comissionamento dever\u00e1 come\u00e7ar nos \u00faltimos meses de 2017. Os instrumentos de primeira luz s\u00e3o receptores heterodinos que operam nas bandas 5 e 9 do LLAMA.<\/p>\n<p>Os bolsistas selecionados poder\u00e3o dedicar cerca de 70% da sua bolsa de estudo de dois anos \u00e0 sua pr\u00f3pria pesquisa, trabalhando em S\u00e3o Paulo. As pesquisas dever\u00e3o ter por objetivo utilizar as observa\u00e7\u00f5es de comissionamento do LLAMA nas faixas 5 e 9 (162-211 GHz e 600-720 GHZ, respectivamente). As \u00e1reas preferidas s\u00e3o AGNs, Masers, Meio Interestelar e Astroqu\u00edmica, por\u00e9m h\u00e1 alguma flexibilidade. Ap\u00f3s a fase de comissionamento, os bolsistas se beneficiar\u00e3o do tempo de observa\u00e7\u00e3o no radiotelesc\u00f3pio LLAMA em colabora\u00e7\u00e3o com outros membros da equipe.<\/p>\n<p>Al\u00e9m das qualifica\u00e7\u00f5es relevantes, os candidatos dever\u00e3o ser bem-sucedidos em exame m\u00e9dico que avaliar\u00e1 suas condi\u00e7\u00f5es f\u00edsicas para trabalhar em alta altitude. Os pedidos de informa\u00e7\u00e3o e as propostas devem ser enviados a Jacques Lepine, pesquisador respons\u00e1vel pelo Projeto Tem\u00e1tico, no endere\u00e7o jacques.lepine@iag.usp.br.<\/p>\n<p>Para mais informa\u00e7\u00f5es sobre o projeto LLAMA acesse  e a p\u00e1gina do IAG-USP, no endere\u00e7o .<\/p>\n<p>Mais detalhes sobre as oportunidades est\u00e3o publicadas nos endere\u00e7os  e .<\/p>\n<p>Os selecionados receber\u00e3o Bolsa de P\u00f3s-Doutorado da FAPESP no valor de R$ 6.819,30 mensais e Reserva T\u00e9cnica. A Reserva T\u00e9cnica de Bolsa de PD equivale a 15% do valor anual da bolsa e tem o objetivo de atender a despesas imprevistas e diretamente relacionadas \u00e0 atividade de pesquisa.<\/p>\n<p>Caso os bolsistas de PD residam em domic\u00edlio diferente e precisem se mudar para a cidade onde se localiza a institui\u00e7\u00e3o-sede da pesquisa, poder\u00e3o ter direito a um Aux\u00edlio-Instala\u00e7\u00e3o. Mais informa\u00e7\u00f5es sobre a Bolsa de P\u00f3s-Doutorado da FAPESP est\u00e3o dispon\u00edveis em .<\/p>\n<p>Outras vagas de bolsas, em diversas \u00e1reas do conhecimento, est\u00e3o no site FAPESP-Oportunidades, em .<\/p>\n","protected":false},"excerpt":{"rendered":"<p>Ag\u00eancia FAPESP \u2013 O Instituto de Astronomia, Geof\u00edsica e Ci\u00eancias Atmosf\u00e9ricas (IAG) da Universidade de S\u00e3o Paulo (USP) oferece tr\u00eas oportunidades de P\u00f3s-Doutorado em Radioastronomia com Bolsa da FAPESP. Os prazos de inscri\u00e7\u00e3o encerram em 20 de junho. As bolsas est\u00e3o vinculadas ao Projeto Tem\u00e1tico \u201c\u201d, uma colabora\u00e7\u00e3o Brasil-Argentina para a constru\u00e7\u00e3o e opera\u00e7\u00e3o de [&hellip;]<\/p>\n","protected":false},"author":2,"featured_media":28951,"comment_status":"open","ping_status":"closed","sticky":false,"template":"","format":"standard","meta":{"tdm_status":"","tdm_grid_status":"","footnotes":""},"categories":[22,370,353],"tags":[],"class_list":{"0":"post-115270","1":"post","2":"type-post","3":"status-publish","4":"format-standard","5":"has-post-thumbnail","7":"category-brasil","8":"category-inscricao","9":"category-oportunidades"},"_links":{"self":[{"href":"https:\/\/migracao.redenoticia.com.br\/noticia\/wp-json\/wp\/v2\/posts\/115270","targetHints":{"allow":["GET"]}}],"collection":[{"href":"https:\/\/migracao.redenoticia.com.br\/noticia\/wp-json\/wp\/v2\/posts"}],"about":[{"href":"https:\/\/migracao.redenoticia.com.br\/noticia\/wp-json\/wp\/v2\/types\/post"}],"author":[{"embeddable":true,"href":"https:\/\/migracao.redenoticia.com.br\/noticia\/wp-json\/wp\/v2\/users\/2"}],"replies":[{"embeddable":true,"href":"https:\/\/migracao.redenoticia.com.br\/noticia\/wp-json\/wp\/v2\/comments?post=115270"}],"version-history":[{"count":0,"href":"https:\/\/migracao.redenoticia.com.br\/noticia\/wp-json\/wp\/v2\/posts\/115270\/revisions"}],"wp:featuredmedia":[{"embeddable":true,"href":"https:\/\/migracao.redenoticia.com.br\/noticia\/wp-json\/wp\/v2\/media\/28951"}],"wp:attachment":[{"href":"https:\/\/migracao.redenoticia.com.br\/noticia\/wp-json\/wp\/v2\/media?parent=115270"}],"wp:term":[{"taxonomy":"category","embeddable":true,"href":"https:\/\/migracao.redenoticia.com.br\/noticia\/wp-json\/wp\/v2\/categories?post=115270"},{"taxonomy":"post_tag","embeddable":true,"href":"https:\/\/migracao.redenoticia.com.br\/noticia\/wp-json\/wp\/v2\/tags?post=115270"}],"curies":[{"name":"wp","href":"https:\/\/api.w.org\/{rel}","templated":true}]}}