{"id":115292,"date":"2017-06-16T16:44:54","date_gmt":"2017-06-16T19:44:54","guid":{"rendered":"https:\/\/www.redenoticia.com.br\/noticia\/?p=115292"},"modified":"2017-06-19T21:49:47","modified_gmt":"2017-06-20T00:49:47","slug":"novela-o-rico-e-lazaro-resumo-1906-asher-salva-lia-e-naomi","status":"publish","type":"post","link":"https:\/\/migracao.redenoticia.com.br\/noticia\/2017\/novela-o-rico-e-lazaro-resumo-1906-asher-salva-lia-e-naomi\/115292","title":{"rendered":"Novela \u201cO Rico e L\u00e1zaro\u201d resumo 19\/06: Dana incentiva o noivado de Joana e Zac"},"content":{"rendered":"<p> <img loading=\"lazy\" decoding=\"async\" src=\"https:\/\/migracao.redenoticia.com.br\/noticia\/imagens\/o_rico_e_o_lazaro_resumo_novela_record-150x112.jpg\" alt=\"\" width=\"150\" height=\"112\" class=\"alignleft size-thumbnail wp-image-107948\" srcset=\"https:\/\/migracao.redenoticia.com.br\/noticia\/imagens\/o_rico_e_o_lazaro_resumo_novela_record-150x112.jpg 150w, https:\/\/migracao.redenoticia.com.br\/noticia\/imagens\/o_rico_e_o_lazaro_resumo_novela_record-265x198.jpg 265w\" sizes=\"auto, (max-width: 150px) 100vw, 150px\" \/><strong><em>Novela \u201cO Rico e L\u00e1zaro\u201d resumo 19\/06<\/em><\/strong>: no capitulo 071(*) da novela \u201cO Rico e L\u00e1zaro\u201d, segunda-feira, 19 de junho, Abednego visita Lia e Naomi. Absalom encontra com Zac e avisa que Beroso quer v\u00ea-lo. Gadise procura Ebede e revela estar gr\u00e1vida de Matias. Zac pergunta se Asher j\u00e1 decidiu se quer ou n\u00e3o que Joana saiba que ele est\u00e1 vivo&#8230;.Asher diz que abre m\u00e3o de Joana para que Zac a fa\u00e7a feliz. Beroso amea\u00e7a Sammu e avisa que Daniel precisa morrer. Ebede se preocupa com a revela\u00e7\u00e3o de Gadise. <\/p>\n<p>Daniel fica intrigado com a diferen\u00e7a nas contas do fornecimento de armas. Sammu-Ramat pede para Darice buscar alguns ingredientes com Zabaia. Zac se declara para Joana. Asher se lembra da fam\u00edlia e rumina o \u00f3dio por Nebuzarad\u00e3. Escondidos, Sammu-Ramat e Nebuzarad\u00e3 se beijam. Arioque vai at\u00e9 a casa de Ravina para dar andamento \u00e0 investiga\u00e7\u00e3o sobre a morte de Chaim. Tamir e Shamir falam do novo neg\u00f3cio que far\u00e3o com Fassur. Zelfa critica o sacerdote hebreu. <\/p>\n<p>Arioque faz perguntas a Ravina. O general diz acreditar na inoc\u00eancia de Shag-Shag. Darice encontra Zabaia e diz ter um pedido de Sammu. Zelfa critica o posicionamento de Fassur em rela\u00e7\u00e3o ao casamento e tranquiliza Samira e Talita. Hurzabum toca flauta para Shag-Shag na pris\u00e3o. Sammu-Ramat visita a adivinha.  <\/p>\n<p>(*) edi\u00e7\u00e3o da Rede Record, Novela \u201cO Rico e L\u00e1zaro\u201d, sujeito a altera\u00e7\u00e3o de data e conte\u00fado.<\/p>\n","protected":false},"excerpt":{"rendered":"<p>Novela \u201cO Rico e L\u00e1zaro\u201d resumo 19\/06: no capitulo 071(*) da novela \u201cO Rico e L\u00e1zaro\u201d, segunda-feira, 19 de junho, Abednego visita Lia e Naomi. Absalom encontra com Zac e avisa que Beroso quer v\u00ea-lo. Gadise procura Ebede e revela estar gr\u00e1vida de Matias. Zac pergunta se Asher j\u00e1 decidiu se quer ou n\u00e3o que [&hellip;]<\/p>\n","protected":false},"author":2,"featured_media":107948,"comment_status":"open","ping_status":"closed","sticky":false,"template":"","format":"standard","meta":{"tdm_status":"","tdm_grid_status":"","footnotes":""},"categories":[379,371,343],"tags":[441],"class_list":{"0":"post-115292","1":"post","2":"type-post","3":"status-publish","4":"format-standard","5":"has-post-thumbnail","7":"category-novelas","8":"category-rede-record","9":"category-televisao","10":"tag-resumo-do-dia"},"_links":{"self":[{"href":"https:\/\/migracao.redenoticia.com.br\/noticia\/wp-json\/wp\/v2\/posts\/115292","targetHints":{"allow":["GET"]}}],"collection":[{"href":"https:\/\/migracao.redenoticia.com.br\/noticia\/wp-json\/wp\/v2\/posts"}],"about":[{"href":"https:\/\/migracao.redenoticia.com.br\/noticia\/wp-json\/wp\/v2\/types\/post"}],"author":[{"embeddable":true,"href":"https:\/\/migracao.redenoticia.com.br\/noticia\/wp-json\/wp\/v2\/users\/2"}],"replies":[{"embeddable":true,"href":"https:\/\/migracao.redenoticia.com.br\/noticia\/wp-json\/wp\/v2\/comments?post=115292"}],"version-history":[{"count":0,"href":"https:\/\/migracao.redenoticia.com.br\/noticia\/wp-json\/wp\/v2\/posts\/115292\/revisions"}],"wp:featuredmedia":[{"embeddable":true,"href":"https:\/\/migracao.redenoticia.com.br\/noticia\/wp-json\/wp\/v2\/media\/107948"}],"wp:attachment":[{"href":"https:\/\/migracao.redenoticia.com.br\/noticia\/wp-json\/wp\/v2\/media?parent=115292"}],"wp:term":[{"taxonomy":"category","embeddable":true,"href":"https:\/\/migracao.redenoticia.com.br\/noticia\/wp-json\/wp\/v2\/categories?post=115292"},{"taxonomy":"post_tag","embeddable":true,"href":"https:\/\/migracao.redenoticia.com.br\/noticia\/wp-json\/wp\/v2\/tags?post=115292"}],"curies":[{"name":"wp","href":"https:\/\/api.w.org\/{rel}","templated":true}]}}