{"id":115299,"date":"2017-06-16T16:37:16","date_gmt":"2017-06-16T19:37:16","guid":{"rendered":"https:\/\/www.redenoticia.com.br\/noticia\/?p=115299"},"modified":"2017-06-16T15:53:08","modified_gmt":"2017-06-16T18:53:08","slug":"resumo-novela-novo-mundo-1706-joaquim-descobre-que-nao-e-pai-de-quinzinho","status":"publish","type":"post","link":"https:\/\/migracao.redenoticia.com.br\/noticia\/2017\/resumo-novela-novo-mundo-1706-joaquim-descobre-que-nao-e-pai-de-quinzinho\/115299","title":{"rendered":"Resumo novela \u201cNovo Mundo\u201d 17\/06: Joaquim descobre que n\u00e3o \u00e9 pai de Quinzinho"},"content":{"rendered":"<p><img loading=\"lazy\" decoding=\"async\" class=\"alignleft size-thumbnail wp-image-107950\" src=\"https:\/\/migracao.redenoticia.com.br\/noticia\/imagens\/novo_mundo_novela_resumo_globo-150x112.jpg\" alt=\"\" width=\"150\" height=\"112\" srcset=\"https:\/\/migracao.redenoticia.com.br\/noticia\/imagens\/novo_mundo_novela_resumo_globo-150x112.jpg 150w, https:\/\/migracao.redenoticia.com.br\/noticia\/imagens\/novo_mundo_novela_resumo_globo-265x198.jpg 265w\" sizes=\"auto, (max-width: 150px) 100vw, 150px\" \/><strong><em>Resumo novela \u201cNovo Mundo\u201d 17\/06<\/em><\/strong>: no cap\u00edtulo 076(*) da novela \u201cNovo Mundo\u201d, resumo de s\u00e1bado, 17 de junho, Joaquim teme pela vida de Anna e conta para Bonif\u00e1cio seu acordo com Thomas. Ferdinando e Diara se lembram de quando se viram pela primeira vez e Wolfgang se incomoda. Dom Pedro tem um ataque epil\u00e9tico com Domitila. Thomas apresenta Sebasti\u00e3o para Anna como seu s\u00f3cio. Leopoldina cuida de Dom Pedro e os dois se amam. Thomas insinua que o pai de Anna esteja vivo e Liu ouve a conversa. Piat\u00e3 avisa a Jacira que n\u00e3o pode ficar com ela. Ferdinando entrega a carta de Piat\u00e3 para Anna. Narcisa descobre que a amante de Dom Pedro mora no Solar. Joaquim ouve que n\u00e3o \u00e9 pai de Quinzinho ao presenciar a conversa de Germana e Licurgo com Elvira.<\/p>\n<p>(*) edi\u00e7\u00e3o da Rede Globo, Novela \u201cNovo Mundo\u201d, sujeito a altera\u00e7\u00e3o de data e conte\u00fado.<\/p>\n<p>Novo Mundo \u00e9 uma telenovela brasileira produzida pela Rede Globo. Escrita por Thereza Falc\u00e3o e Alessandro Marson, conta com dire\u00e7\u00e3o art\u00edstica de Vin\u00edcius Coimbra. Conta com as participa\u00e7\u00f5es de Isabelle Drummond, Chay Suede, Caio Castro, Let\u00edcia Colin, Leo Jaime, D\u00e9bora Olivieri, Rodrigo Simas, Giullia Buscacio, Vivianne Pasmanter, Guilherme Piva, R\u00f4mulo Estrela, Agatha Moreira, Luisa Micheletti, Gabriel Braga Nunes, e Ingrid Guimar\u00e3es.<\/p>\n","protected":false},"excerpt":{"rendered":"<p>Resumo novela \u201cNovo Mundo\u201d 17\/06: no cap\u00edtulo 076(*) da novela \u201cNovo Mundo\u201d, resumo de s\u00e1bado, 17 de junho, Joaquim teme pela vida de Anna e conta para Bonif\u00e1cio seu acordo com Thomas. Ferdinando e Diara se lembram de quando se viram pela primeira vez e Wolfgang se incomoda. Dom Pedro tem um ataque epil\u00e9tico com [&hellip;]<\/p>\n","protected":false},"author":4,"featured_media":107950,"comment_status":"open","ping_status":"closed","sticky":false,"template":"","format":"standard","meta":{"tdm_status":"","tdm_grid_status":"","footnotes":""},"categories":[379,375,343],"tags":[441],"class_list":{"0":"post-115299","1":"post","2":"type-post","3":"status-publish","4":"format-standard","5":"has-post-thumbnail","7":"category-novelas","8":"category-rede-globo","9":"category-televisao","10":"tag-resumo-do-dia"},"_links":{"self":[{"href":"https:\/\/migracao.redenoticia.com.br\/noticia\/wp-json\/wp\/v2\/posts\/115299","targetHints":{"allow":["GET"]}}],"collection":[{"href":"https:\/\/migracao.redenoticia.com.br\/noticia\/wp-json\/wp\/v2\/posts"}],"about":[{"href":"https:\/\/migracao.redenoticia.com.br\/noticia\/wp-json\/wp\/v2\/types\/post"}],"author":[{"embeddable":true,"href":"https:\/\/migracao.redenoticia.com.br\/noticia\/wp-json\/wp\/v2\/users\/4"}],"replies":[{"embeddable":true,"href":"https:\/\/migracao.redenoticia.com.br\/noticia\/wp-json\/wp\/v2\/comments?post=115299"}],"version-history":[{"count":0,"href":"https:\/\/migracao.redenoticia.com.br\/noticia\/wp-json\/wp\/v2\/posts\/115299\/revisions"}],"wp:featuredmedia":[{"embeddable":true,"href":"https:\/\/migracao.redenoticia.com.br\/noticia\/wp-json\/wp\/v2\/media\/107950"}],"wp:attachment":[{"href":"https:\/\/migracao.redenoticia.com.br\/noticia\/wp-json\/wp\/v2\/media?parent=115299"}],"wp:term":[{"taxonomy":"category","embeddable":true,"href":"https:\/\/migracao.redenoticia.com.br\/noticia\/wp-json\/wp\/v2\/categories?post=115299"},{"taxonomy":"post_tag","embeddable":true,"href":"https:\/\/migracao.redenoticia.com.br\/noticia\/wp-json\/wp\/v2\/tags?post=115299"}],"curies":[{"name":"wp","href":"https:\/\/api.w.org\/{rel}","templated":true}]}}