{"id":115317,"date":"2017-06-23T16:40:38","date_gmt":"2017-06-23T19:40:38","guid":{"rendered":"https:\/\/www.redenoticia.com.br\/noticia\/?p=115317"},"modified":"2017-06-26T16:27:22","modified_gmt":"2017-06-26T19:27:22","slug":"novela-ribeirao-do-tempo-resumo-2606-tito-apresenta-filomena-a-cloris","status":"publish","type":"post","link":"https:\/\/migracao.redenoticia.com.br\/noticia\/2017\/novela-ribeirao-do-tempo-resumo-2606-tito-apresenta-filomena-a-cloris\/115317","title":{"rendered":"Novela \u201cRibeir\u00e3o do Tempo\u201d resumo 26\/06: Teixeira nega apoio a Filomena"},"content":{"rendered":"<p> <img loading=\"lazy\" decoding=\"async\" src=\"https:\/\/migracao.redenoticia.com.br\/noticia\/imagens\/ribeirao_do_tempo_novela_record_resumo-150x112.jpg\" alt=\"\" width=\"150\" height=\"112\" class=\"alignleft size-thumbnail wp-image-108265\" srcset=\"https:\/\/migracao.redenoticia.com.br\/noticia\/imagens\/ribeirao_do_tempo_novela_record_resumo-150x112.jpg 150w, https:\/\/migracao.redenoticia.com.br\/noticia\/imagens\/ribeirao_do_tempo_novela_record_resumo-265x198.jpg 265w\" sizes=\"auto, (max-width: 150px) 100vw, 150px\" \/><strong><em>Novela \u201cRibeir\u00e3o do Tempo\u201d resumo 26\/06<\/em><\/strong>: no capitulo 080 (*) da novela \u201cRibeir\u00e3o do Tempo\u201d, segunda-feira, 26 de junho, Arminda se emociona ao se dar conta do que sente por Joca. Flores fala para Quer\u00eancio que para o bem de Filomena ele deve impedir o casamento da filha. Nicolau chega ao casar\u00e3o de Flores e brinda com o professor e com Quer\u00eancio. Filomena fala com Quer\u00eancio sobre o aval e ele afirma que acha o casamento dela uma furada. Quer\u00eancio diz que n\u00e3o vai concordar com o que Fil\u00f3 pretende fazer. Nicolau diz a Bruno que ele n\u00e3o pode deixar o casamento de Tito e Filomena acontecer. L\u00e9ia acorda Joca e manda que ele lhe conte o que aconteceu. <\/p>\n<p>Tito pergunta a Filomena se Quer\u00eancio concordou em assinar o documento. Flores fala para Clor\u00eds que seu irm\u00e3o \u00e9 um sujeito muito esquisito. L\u00e9ia pede para Joca lhe contar o que houve e fica com raiva ao perceber que Arminda est\u00e1 fazendo o filho sofrer. Filomena conta a Tito que a conversa que teve com Quer\u00eancio foi muito dura, mas promete que vai virar o jogo. Quer\u00eancio confessa a Marisa que est\u00e1 mal por ter brigado com Fil\u00f3, mas a dan\u00e7arina diz que ele agiu certo em n\u00e3o ter concordado com o casamento. <\/p>\n<p>C\u00e9lia fala para Teixeira que est\u00e1 angustiada com a situa\u00e7\u00e3o deles. Teixeira tenta acalm\u00e1-la. Bruno conta a C\u00e9lia e a Teixeira que Nicolau o procurou para falar do casamento de Tito e Filomena. O engenheiro explica que o senador deu a entender que o casamento impede a venda da pousada. Flores fala para Clor\u00eds que Tito n\u00e3o vai conseguir o empr\u00e9stimo. Guilherme v\u00ea Diana e Carlos conversando e n\u00e3o fala com nenhum dos dois. Ellen conta a Newton que Guilherme pediu para ela se afastar dele. Guilherme diz a Diana que ela n\u00e3o precisa falar com ele se continuar de papo com Carlos.  <\/p>\n<p>(*) edi\u00e7\u00e3o da Rede Record, Novela \u201cRibeir\u00e3o do Tempo\u201d, sujeito a altera\u00e7\u00e3o de data e conte\u00fado.<\/p>\n","protected":false},"excerpt":{"rendered":"<p>Novela \u201cRibeir\u00e3o do Tempo\u201d resumo 26\/06: no capitulo 080 (*) da novela \u201cRibeir\u00e3o do Tempo\u201d, segunda-feira, 26 de junho, Arminda se emociona ao se dar conta do que sente por Joca. Flores fala para Quer\u00eancio que para o bem de Filomena ele deve impedir o casamento da filha. Nicolau chega ao casar\u00e3o de Flores e [&hellip;]<\/p>\n","protected":false},"author":2,"featured_media":108265,"comment_status":"open","ping_status":"closed","sticky":false,"template":"","format":"standard","meta":{"tdm_status":"","tdm_grid_status":"","footnotes":""},"categories":[379,371,343],"tags":[441],"class_list":{"0":"post-115317","1":"post","2":"type-post","3":"status-publish","4":"format-standard","5":"has-post-thumbnail","7":"category-novelas","8":"category-rede-record","9":"category-televisao","10":"tag-resumo-do-dia"},"_links":{"self":[{"href":"https:\/\/migracao.redenoticia.com.br\/noticia\/wp-json\/wp\/v2\/posts\/115317","targetHints":{"allow":["GET"]}}],"collection":[{"href":"https:\/\/migracao.redenoticia.com.br\/noticia\/wp-json\/wp\/v2\/posts"}],"about":[{"href":"https:\/\/migracao.redenoticia.com.br\/noticia\/wp-json\/wp\/v2\/types\/post"}],"author":[{"embeddable":true,"href":"https:\/\/migracao.redenoticia.com.br\/noticia\/wp-json\/wp\/v2\/users\/2"}],"replies":[{"embeddable":true,"href":"https:\/\/migracao.redenoticia.com.br\/noticia\/wp-json\/wp\/v2\/comments?post=115317"}],"version-history":[{"count":0,"href":"https:\/\/migracao.redenoticia.com.br\/noticia\/wp-json\/wp\/v2\/posts\/115317\/revisions"}],"wp:featuredmedia":[{"embeddable":true,"href":"https:\/\/migracao.redenoticia.com.br\/noticia\/wp-json\/wp\/v2\/media\/108265"}],"wp:attachment":[{"href":"https:\/\/migracao.redenoticia.com.br\/noticia\/wp-json\/wp\/v2\/media?parent=115317"}],"wp:term":[{"taxonomy":"category","embeddable":true,"href":"https:\/\/migracao.redenoticia.com.br\/noticia\/wp-json\/wp\/v2\/categories?post=115317"},{"taxonomy":"post_tag","embeddable":true,"href":"https:\/\/migracao.redenoticia.com.br\/noticia\/wp-json\/wp\/v2\/tags?post=115317"}],"curies":[{"name":"wp","href":"https:\/\/api.w.org\/{rel}","templated":true}]}}