{"id":115325,"date":"2017-06-17T00:05:17","date_gmt":"2017-06-17T03:05:17","guid":{"rendered":"https:\/\/www.redenoticia.com.br\/noticia\/?p=115325"},"modified":"2017-06-16T17:46:08","modified_gmt":"2017-06-16T20:46:08","slug":"resumo-novela-o-que-a-vida-me-roubou-1906-rosario-e-alessandro-se-encontram","status":"publish","type":"post","link":"https:\/\/migracao.redenoticia.com.br\/noticia\/2017\/resumo-novela-o-que-a-vida-me-roubou-1906-rosario-e-alessandro-se-encontram\/115325","title":{"rendered":"Resumo novela \u201cO Que A Vida Me Roubou\u201d 19\/06: Ros\u00e1rio e Alessandro se encontram"},"content":{"rendered":"<p> <img loading=\"lazy\" decoding=\"async\" src=\"https:\/\/migracao.redenoticia.com.br\/noticia\/imagens\/o-que-a-vida-me-roubou-novela-resumo-sbt-150x112.jpg\" alt=\"\" width=\"150\" height=\"112\" class=\"alignleft size-thumbnail wp-image-105656\" srcset=\"https:\/\/migracao.redenoticia.com.br\/noticia\/imagens\/o-que-a-vida-me-roubou-novela-resumo-sbt-150x112.jpg 150w, https:\/\/migracao.redenoticia.com.br\/noticia\/imagens\/o-que-a-vida-me-roubou-novela-resumo-sbt-265x198.jpg 265w\" sizes=\"auto, (max-width: 150px) 100vw, 150px\" \/><strong><em>Resumo novela \u201cO Que A Vida Me Roubou\u201d 19\/06<\/em><\/strong>: no cap\u00edtulo 101(*) da novela \u201cO Que A Vida Me Roubou\u201d, resumo de segunda-feira, 19 de junho, M\u00f4nica tenta fazer com que Demetrio se aproxime de sua m\u00e3e, mas ele se zanga e diz que n\u00e3o deseja falar de assunto algum com ela. Nadia se lembra do momento em que, pela primeira vez, carregou Victoria nos bra\u00e7os. Alessandro e Victor falam do que Graziela disse, mas ele se nega a ir embora de \u00c1gua Azul sem Montserrat e Laurinho. Alessandro diz a Josefina e a Victor que lutar\u00e1 por eles at\u00e9 conseguir que o amem de novo. Ele revela que Graziela o amea\u00e7ou, caso ele insistisse na ideia de recuperar o amor de Montserrat. Quando Josefina chega \u00e0 casa de Montserrat d\u00e1 de cara com Graziela, que a humilha e pede que v\u00e1 embora. <\/p>\n<p>Josefina conta-lhe que Alessandro decidiu abandonar \u00c1gua Azul sem a sua fam\u00edlia. Jos\u00e9 Luis e Montserrat tentam estar juntos, mas Montserrat n\u00e3o consegue. Jos\u00e9, compreensivo, diz que saber\u00e1 esperar. Montserrat e Laurinho est\u00e3o desfrutando da viagem de lua de mel e planejam um passeio h\u00e1 um parque de divers\u00e3o. Alessandro se lembra da cena onde pede a Montserrat que n\u00e3o se aproxime mais dele, caso n\u00e3o estivesse disposta a esquecer de uma vez por todas Jos\u00e9 Luis. Am\u00e9lia visita Fabiola e lhe diz que Nadia voltou, pois sobreviveu ao acidente de avi\u00e3o que sofreu, e que est\u00e1 com Pedro em sua casa. Am\u00e9lia aconselha-a a vender as suas propriedades e a deixar \u00c1gua Azul. <\/p>\n<p>Demetrio pede desculpas a Monica por ter se alterado, mas que ela deve entender que h\u00e1 muitas coisas das quais n\u00e3o deseja tratar com ningu\u00e9m. M\u00f4nica responde que o que ocorre \u00e9 que n\u00e3o h\u00e1 confian\u00e7a entre eles, e que ele n\u00e3o est\u00e1 preparado para ter uma rela\u00e7\u00e3o madura com ningu\u00e9m. Victor manda uma carruagem cheia de flores para Nadia, na casa de Pedro Medina, para que saibam que ela est\u00e1 ali. Nadia se emociona e chora quando Victoria a questiona sobre as flores e a leva at\u00e9 elas, para que as possa sentir. Josefina leva Ros\u00e1rio a sua casa, fazendo a acreditar que vai conhecer o homem de sua vida. Ao chegar ela se encontra com Victor, que por sua vez lhe mostra Alessandro. Eles se abra\u00e7am muito felizes.<\/p>\n<p>(*) edi\u00e7\u00e3o do SBT, Novela \u201cO Que A Vida Me Roubou\u201d, sujeito a altera\u00e7\u00e3o de data e conte\u00fado.<\/p>\n<p>Lo que la vida me rob\u00f3 (no Brasil, O Que a Vida Me Roubou) \u00e9 uma telenovela mexicana produzida por Angelli Nesma Medina para Televisa e exibida pelo Canal de las Estrellas entre 28 de outubro de 2013 e 27 de julho de 2014 em 196 cap\u00edtulos, substituindo La tempestad e sendo substitu\u00edda por Hasta el fin del mundo. A original \u00e9 de Caridad Bravo Adams, sendo esta um remake modernizado das novelas Bodas de odio e Amor real, produzidas em 1983 e 2003, respectivamente. Tem Angelique Boyer, Sebasti\u00e1n Rulli, Luis Roberto Guzm\u00e1n, Daniela Castro, Grettell Vald\u00e9z, Sergio Sendel e Lisset nos papeis principais.<\/p>\n","protected":false},"excerpt":{"rendered":"<p>Resumo novela \u201cO Que A Vida Me Roubou\u201d 19\/06: no cap\u00edtulo 101(*) da novela \u201cO Que A Vida Me Roubou\u201d, resumo de segunda-feira, 19 de junho, M\u00f4nica tenta fazer com que Demetrio se aproxime de sua m\u00e3e, mas ele se zanga e diz que n\u00e3o deseja falar de assunto algum com ela. Nadia se lembra [&hellip;]<\/p>\n","protected":false},"author":2,"featured_media":105656,"comment_status":"open","ping_status":"closed","sticky":false,"template":"","format":"standard","meta":{"tdm_status":"","tdm_grid_status":"","footnotes":""},"categories":[379,372,343],"tags":[441],"class_list":{"0":"post-115325","1":"post","2":"type-post","3":"status-publish","4":"format-standard","5":"has-post-thumbnail","7":"category-novelas","8":"category-sbt","9":"category-televisao","10":"tag-resumo-do-dia"},"_links":{"self":[{"href":"https:\/\/migracao.redenoticia.com.br\/noticia\/wp-json\/wp\/v2\/posts\/115325","targetHints":{"allow":["GET"]}}],"collection":[{"href":"https:\/\/migracao.redenoticia.com.br\/noticia\/wp-json\/wp\/v2\/posts"}],"about":[{"href":"https:\/\/migracao.redenoticia.com.br\/noticia\/wp-json\/wp\/v2\/types\/post"}],"author":[{"embeddable":true,"href":"https:\/\/migracao.redenoticia.com.br\/noticia\/wp-json\/wp\/v2\/users\/2"}],"replies":[{"embeddable":true,"href":"https:\/\/migracao.redenoticia.com.br\/noticia\/wp-json\/wp\/v2\/comments?post=115325"}],"version-history":[{"count":0,"href":"https:\/\/migracao.redenoticia.com.br\/noticia\/wp-json\/wp\/v2\/posts\/115325\/revisions"}],"wp:featuredmedia":[{"embeddable":true,"href":"https:\/\/migracao.redenoticia.com.br\/noticia\/wp-json\/wp\/v2\/media\/105656"}],"wp:attachment":[{"href":"https:\/\/migracao.redenoticia.com.br\/noticia\/wp-json\/wp\/v2\/media?parent=115325"}],"wp:term":[{"taxonomy":"category","embeddable":true,"href":"https:\/\/migracao.redenoticia.com.br\/noticia\/wp-json\/wp\/v2\/categories?post=115325"},{"taxonomy":"post_tag","embeddable":true,"href":"https:\/\/migracao.redenoticia.com.br\/noticia\/wp-json\/wp\/v2\/tags?post=115325"}],"curies":[{"name":"wp","href":"https:\/\/api.w.org\/{rel}","templated":true}]}}