{"id":115329,"date":"2017-06-17T00:07:42","date_gmt":"2017-06-17T03:07:42","guid":{"rendered":"https:\/\/www.redenoticia.com.br\/noticia\/?p=115329"},"modified":"2017-06-16T17:49:53","modified_gmt":"2017-06-16T20:49:53","slug":"resumo-novela-chiquititas-1906-tati-flagra-cintia-com-armando","status":"publish","type":"post","link":"https:\/\/migracao.redenoticia.com.br\/noticia\/2017\/resumo-novela-chiquititas-1906-tati-flagra-cintia-com-armando\/115329","title":{"rendered":"Resumo novela \u201cChiquititas\u201d 19\/06: Tati flagra Cintia com Armando"},"content":{"rendered":"<p> <img loading=\"lazy\" decoding=\"async\" class=\"alignleft size-thumbnail wp-image-49690\" src=\"https:\/\/migracao.redenoticia.com.br\/noticia\/imagens\/chiquititas1-150x112.jpg\" alt=\"chiquititas\" width=\"150\" height=\"112\" \/><strong><em>Resumo novela \u201cChiquititas\u201d 19\/06<\/em><\/strong>: no cap\u00edtulo 200(*) da novela \u201cChiquititas\u201d, resumo de segunda-feira, 19 de junho, Matilde provoca Dani, que ap\u00f3s cair da escada est\u00e1 momentaneamente numa cadeira de rodas. Matilde, que finge ser Ernestina, diz que a menina jamais voltar\u00e1 a andar. Dani responde que o doutor Fernando falou que ela voltar\u00e1 a andar. Matilde ironiza e diz que os m\u00e9dicos falam isso apenas para dar falsa esperan\u00e7a. Valentina diz para Miguel que Duda acha que \u00e9 adotado. Miguel pede para a m\u00e3e ficar atenta ao garoto, pois para ele Duda pode ser seu filho. Ana e Tati brincam de vender bijuterias. Dani se recusa a fazer exerc\u00edcios de fisioterapia e diz para Junior e Carol que sabe que n\u00e3o voltar\u00e1 a andar. <\/p>\n<p>Na diretoria do orfanato, Cintia e Armando conversam sobre recuperar os quadros que levam ao tesouro. Armando tenta deixar o assunto de lado para beijar Cintia. Tati vai pedir bijuterias para Cintia e como a porta da diretoria est\u00e1 aberta, flagra os dois quase se beijando. A menina larga a pulseira da Mili no ch\u00e3o e sai correndo. O barulho interrompe Armando e Cintia. Tati diz para Vivi que viu Cintia olhando de maneira intima para Armando. Vivi pede pra Tati n\u00e3o contar isso para ningu\u00e9m, pois Cintia pode querer mand\u00e1-las para orfanatos diferentes. Incentivada pela av\u00f3 e pela m\u00e3e, Maria Cec\u00edlia liga para Junior, que explica estar no orfanato. Maria Cec\u00edlia est\u00e1 com ci\u00fames e preocupada com o fato de Junior passar a ver mais Carol. Matilde avisa Cintia que a pulseira \u00e9 de Mili. <\/p>\n<p>Cintia acha que foi Mili que viu ela quase beijando Armando. Valentina leva Duda para tomar sorvete e tenta se aproximar do garoto. Cintia chama Mili em sua sala e pergunta se a menina n\u00e3o tem nada que ela queira dizer. Mili estranha e diz que n\u00e3o. Cintia diz para Armando que precisa se livrar de Mili o quanto antes, pois acha que ela est\u00e1 mentindo e que viu os dois juntos. Mili diz para Pata que estranhou as perguntas de Cintia. A diretora descobre que crian\u00e7as com idade superior a 12 anos podem ser transferidas de institui\u00e7\u00e3o e logo pensa em Mili, que possui 13 anos.<\/p>\n<p>(*) edi\u00e7\u00e3o do SBT, Novela \u201cChiquititas\u201d, sujeito a altera\u00e7\u00e3o de data e conte\u00fado.<\/p>\n<p>Chiquititas gira em torno do orfanato Raio de Luz, que carrega em sua hist\u00f3ria um grande segredo envolvendo a fam\u00edlia e o dono do orfanato, Dr. Jos\u00e9 Ricardo Almeida Campos. Em um per\u00edodo anterior \u00e0 novela, exatos treze anos, sua filha Gabriela se apaixonou e ficou gr\u00e1vida de Miguel, filho de Valentina, empregada da casa dos Almeida Campos. Pouco depois, Jos\u00e9 Ricardo sequestrou sua neta, pois, como um homem conservador, ele n\u00e3o aceitava a ideia de que sua filha se envolvesse com um empregado. Como sua neta, Milena, apelidada como Mili, precisava de um lugar para morar, ele comprou um casar\u00e3o e fundou um orfanato, o Raio de Luz. Mili cresceu l\u00e1 com outras garotas que chegaram posteriormente: Bia, Ana, as irm\u00e3s Tati e Vivi, e Cris. Ao decorrer dos anos, elas se tornam uma fam\u00edlia. Elas s\u00e3o supervisionadas por Ernestina, zeladora do orfanato, e Chico, o cozinheiro amado pelas internas. Sofia, ex-governanta da fam\u00edlia Almeida Campos, \u00e9 a diretora do lugar, at\u00e9 que Carmem, irm\u00e3 de Jos\u00e9 Ricardo, entre em seu lugar. Chegam ainda mais \u00f3rf\u00e3os: Pata, Mosca, Binho e Rafa, que viviam nas ruas antes de entrarem na institui\u00e7\u00e3o. Pata e Mili tornam-se amigas rapidamente, enquanto Mosca, Binho e Rafa s\u00e3o os primeiros garotos a entrar no abrigo. As crian\u00e7as sem-teto foram ajudadas por uma doce e bela garota que tocam e mudam a vida delas, assim como as das garotas \u00f3rf\u00e3s.<\/p>\n","protected":false},"excerpt":{"rendered":"<p>Resumo novela \u201cChiquititas\u201d 19\/06: no cap\u00edtulo 200(*) da novela \u201cChiquititas\u201d, resumo de segunda-feira, 19 de junho, Matilde provoca Dani, que ap\u00f3s cair da escada est\u00e1 momentaneamente numa cadeira de rodas. Matilde, que finge ser Ernestina, diz que a menina jamais voltar\u00e1 a andar. Dani responde que o doutor Fernando falou que ela voltar\u00e1 a andar. [&hellip;]<\/p>\n","protected":false},"author":2,"featured_media":49690,"comment_status":"open","ping_status":"closed","sticky":false,"template":"","format":"standard","meta":{"tdm_status":"","tdm_grid_status":"","footnotes":""},"categories":[409,379,372,343],"tags":[441],"class_list":{"0":"post-115329","1":"post","2":"type-post","3":"status-publish","4":"format-standard","5":"has-post-thumbnail","7":"category-chiquititas","8":"category-novelas","9":"category-sbt","10":"category-televisao","11":"tag-resumo-do-dia"},"_links":{"self":[{"href":"https:\/\/migracao.redenoticia.com.br\/noticia\/wp-json\/wp\/v2\/posts\/115329","targetHints":{"allow":["GET"]}}],"collection":[{"href":"https:\/\/migracao.redenoticia.com.br\/noticia\/wp-json\/wp\/v2\/posts"}],"about":[{"href":"https:\/\/migracao.redenoticia.com.br\/noticia\/wp-json\/wp\/v2\/types\/post"}],"author":[{"embeddable":true,"href":"https:\/\/migracao.redenoticia.com.br\/noticia\/wp-json\/wp\/v2\/users\/2"}],"replies":[{"embeddable":true,"href":"https:\/\/migracao.redenoticia.com.br\/noticia\/wp-json\/wp\/v2\/comments?post=115329"}],"version-history":[{"count":0,"href":"https:\/\/migracao.redenoticia.com.br\/noticia\/wp-json\/wp\/v2\/posts\/115329\/revisions"}],"wp:featuredmedia":[{"embeddable":true,"href":"https:\/\/migracao.redenoticia.com.br\/noticia\/wp-json\/wp\/v2\/media\/49690"}],"wp:attachment":[{"href":"https:\/\/migracao.redenoticia.com.br\/noticia\/wp-json\/wp\/v2\/media?parent=115329"}],"wp:term":[{"taxonomy":"category","embeddable":true,"href":"https:\/\/migracao.redenoticia.com.br\/noticia\/wp-json\/wp\/v2\/categories?post=115329"},{"taxonomy":"post_tag","embeddable":true,"href":"https:\/\/migracao.redenoticia.com.br\/noticia\/wp-json\/wp\/v2\/tags?post=115329"}],"curies":[{"name":"wp","href":"https:\/\/api.w.org\/{rel}","templated":true}]}}