{"id":115395,"date":"2017-06-19T00:06:07","date_gmt":"2017-06-19T03:06:07","guid":{"rendered":"https:\/\/www.redenoticia.com.br\/noticia\/?p=115395"},"modified":"2017-06-18T19:01:28","modified_gmt":"2017-06-18T22:01:28","slug":"mis-abre-inscricoes-para-cursos-de-ferias-de-julho","status":"publish","type":"post","link":"https:\/\/migracao.redenoticia.com.br\/noticia\/2017\/mis-abre-inscricoes-para-cursos-de-ferias-de-julho\/115395","title":{"rendered":"MIS abre inscri\u00e7\u00f5es para Cursos de F\u00e9rias de julho"},"content":{"rendered":"<p> Que tal filosofar sobre Star Wars? Ou ent\u00e3o fazer um curso de Photoshop ou Premiere, para edi\u00e7\u00e3o de foto e v\u00eddeo, respectivamente? Pois esses s\u00e3o apenas alguns dos <strong><em>cursos que o MIS (Museu da Imagem e do Som) oferece nas F\u00e9rias de Julho 2017<\/em><\/strong>.<\/p>\n<p>S\u00e3o in\u00fameras op\u00e7\u00f5es nas \u00e1reas de fotografia, cinema e televis\u00e3o. As inscri\u00e7\u00f5es devem ser realizadas no site do Museu () e as aulas se iniciam em julho.\u00a0Veja a seguir alguns destaques.<\/p>\n<p>Curso: Photoshop<br \/>\nQuando: De 4 a 25 de julho de 2017 (07 encontros), de 3\u00aa e 5\u00aa feira, das 9h \u00e0s 12h<br \/>\nOnde: Sala de workshop (12 vagas)<br \/>\nQuanto: R$240,00<\/p>\n<p>O curso de Photoshop b\u00e1sico busca fornecer um panorama completo das principais ferramentas de edi\u00e7\u00e3o e tratamento de imagens. Ser\u00e3o levantadas quest\u00f5es sobre o impacto da imagem digital nas novas m\u00eddias e a import\u00e2ncia que o programa tem no mercado atual.<\/p>\n<p>Curso: Narrativas e t\u00e9cnicas de edi\u00e7\u00e3o (Premiere CS6)<br \/>\nQuando: De 03 a 19 de julho de 2017 (06 encontros), de 2\u00aa e 4\u00aa feira, das 9h \u00e0s 12h<br \/>\nOnde: Sala de workshop (12 vagas)<br \/>\nQuanto: R$200,00<\/p>\n<p>O curso \u00e9 direcionado para pessoas interessadas em contar uma hist\u00f3ria usando ferramentas de edi\u00e7\u00e3o de v\u00eddeos. Durante o processo, o aluno ter\u00e1 contato com conceitos te\u00f3ricos da linguagem audiovisual e ir\u00e1 aprender usar programas de edi\u00e7\u00e3o. Ao final dos 06 encontros o aluno poder\u00e1 criar v\u00eddeos com uma estrutura narrativa de come\u00e7o, meio e fim.<\/p>\n<p>Curso: Fotografia na pr\u00e1tica<br \/>\nQuando: De 03 a 14 julho de 2017 (06 encontros), de 2\u00aa, 4\u00aa e 6\u00aa feira, das 18h \u00e0s 21h<br \/>\nOnde: Sala de interfaces (20 vagas)<br \/>\nQuanto: R$150,00<\/p>\n<p>Cada aluno dever\u00e1 trazer a sua c\u00e2mera. Para aproveitamento melhor do conte\u00fado \u00e9 aconselh\u00e1vel que os modelos tenham fun\u00e7\u00f5es manuais para abertura e velocidade. O curso b\u00e1sico de fotografia ensina as pessoas a manusear o seu equipamento e, assim, aproveitar ao m\u00e1ximo seus recursos. Ao final do curso, os participantes far\u00e3o uma apresenta\u00e7\u00e3o com fotografias impressas ou digitais.<\/p>\n<p>Curso: Ilumina\u00e7\u00e3o b\u00e1sica<br \/>\nQuando: De 17 a 28 de julho de 2017 (06 encontros), de 2\u00aa, 4\u00aa e 6\u00aa feira, das 18h \u00e0s 21h<br \/>\nOnde: Sala de interfaces (20 vagas)<br \/>\nQuanto: R$150<\/p>\n<p>Pr\u00e9-requisitos: Cada aluno dever\u00e1 trazer a sua c\u00e2mera DSLR e saber utilizar velocidade, abertura e ISO. O curso de ilumina\u00e7\u00e3o voltado para as pessoas que j\u00e1 fotografam no seu dia a dia e gostariam de entender melhor sobre ilumina\u00e7\u00e3o e suas principais utiliza\u00e7\u00f5es. Os participantes v\u00e3o aprender a manusear os equipamentos de ilumina\u00e7\u00e3o artificial e a lidar em situa\u00e7\u00f5es de ilumina\u00e7\u00e3o natural e ambiente.<\/p>\n<p>Curso: Star Wars: Uma Nova Leitura<br \/>\nQuando: De 24 a 27 de julho de 2017 (04 encontros), de2\u00aa, 3\u00aa, 4\u00aa e 5\u00aa feira, das 20h \u00e0s 22h<br \/>\nOnde: Audit\u00f3rio LABMIS (64 lugares)<br \/>\nQuanto: R$80<\/p>\n<p>Qualquer f\u00e3 de Guerra nas Estrelas (ou Star Wars) pode expressar, em poucas palavras, um grande fasc\u00ednio. Pelas suas m\u00e1quinas, planetas e idiomas imagin\u00e1rios constroem um cen\u00e1rio riqu\u00edssimo, cheio de possibilidades e encantamento. Contudo, n\u00e3o se tratam apenas de boas hist\u00f3rias de fic\u00e7\u00e3o cient\u00edfica: em cada filme, \u00e9 poss\u00edvel encontrar refer\u00eancias a mitos, lendas, teologia, filosofia e ci\u00eancia pol\u00edtica que provocam muito mais do que boas risadas. Em quatro encontros ser\u00e1 explorada as diversas possibilidades que os filmes possuem. E ser\u00e3o apresentadas tem\u00e1ticas para a profundidade que merecem \u2013 e que os longas, habilmente, nos mostram de maneira sutil.<\/p>\n<h4>Saiba mais sobre os cursos .<\/h4>\n<p>Do Portal do Governo SP<\/p>\n","protected":false},"excerpt":{"rendered":"<p>Que tal filosofar sobre Star Wars? Ou ent\u00e3o fazer um curso de Photoshop ou Premiere, para edi\u00e7\u00e3o de foto e v\u00eddeo, respectivamente? Pois esses s\u00e3o apenas alguns dos cursos que o MIS (Museu da Imagem e do Som) oferece nas F\u00e9rias de Julho 2017. S\u00e3o in\u00fameras op\u00e7\u00f5es nas \u00e1reas de fotografia, cinema e televis\u00e3o. As [&hellip;]<\/p>\n","protected":false},"author":2,"featured_media":28951,"comment_status":"open","ping_status":"closed","sticky":false,"template":"","format":"standard","meta":{"tdm_status":"","tdm_grid_status":"","footnotes":""},"categories":[22,351,370],"tags":[],"class_list":{"0":"post-115395","1":"post","2":"type-post","3":"status-publish","4":"format-standard","5":"has-post-thumbnail","7":"category-brasil","8":"category-cursos","9":"category-inscricao"},"_links":{"self":[{"href":"https:\/\/migracao.redenoticia.com.br\/noticia\/wp-json\/wp\/v2\/posts\/115395","targetHints":{"allow":["GET"]}}],"collection":[{"href":"https:\/\/migracao.redenoticia.com.br\/noticia\/wp-json\/wp\/v2\/posts"}],"about":[{"href":"https:\/\/migracao.redenoticia.com.br\/noticia\/wp-json\/wp\/v2\/types\/post"}],"author":[{"embeddable":true,"href":"https:\/\/migracao.redenoticia.com.br\/noticia\/wp-json\/wp\/v2\/users\/2"}],"replies":[{"embeddable":true,"href":"https:\/\/migracao.redenoticia.com.br\/noticia\/wp-json\/wp\/v2\/comments?post=115395"}],"version-history":[{"count":0,"href":"https:\/\/migracao.redenoticia.com.br\/noticia\/wp-json\/wp\/v2\/posts\/115395\/revisions"}],"wp:featuredmedia":[{"embeddable":true,"href":"https:\/\/migracao.redenoticia.com.br\/noticia\/wp-json\/wp\/v2\/media\/28951"}],"wp:attachment":[{"href":"https:\/\/migracao.redenoticia.com.br\/noticia\/wp-json\/wp\/v2\/media?parent=115395"}],"wp:term":[{"taxonomy":"category","embeddable":true,"href":"https:\/\/migracao.redenoticia.com.br\/noticia\/wp-json\/wp\/v2\/categories?post=115395"},{"taxonomy":"post_tag","embeddable":true,"href":"https:\/\/migracao.redenoticia.com.br\/noticia\/wp-json\/wp\/v2\/tags?post=115395"}],"curies":[{"name":"wp","href":"https:\/\/api.w.org\/{rel}","templated":true}]}}