{"id":1154,"date":"2009-05-04T18:48:03","date_gmt":"2009-05-04T22:48:03","guid":{"rendered":"http:\/\/www.redenoticia.com.br\/noticia\/?p=1154"},"modified":"2009-05-04T18:48:03","modified_gmt":"2009-05-04T22:48:03","slug":"aabb-comunidade-sera-declarada-%e2%80%9cutilidade-publica%e2%80%9d","status":"publish","type":"post","link":"https:\/\/migracao.redenoticia.com.br\/noticia\/2009\/aabb-comunidade-sera-declarada-%e2%80%9cutilidade-publica%e2%80%9d\/1154","title":{"rendered":"AABB Comunidade ser\u00e1 declarada \u201cUtilidade P\u00fablica\u201d"},"content":{"rendered":"<p class=\"MsoNormal\"><span style=\"font-family: Arial;\">Na \u00faltima ter\u00e7a (28), a c\u00e2mara de Ji-Paran\u00e1 aprovou por unanimidade a lei que declara a AABB Comunidade uma entidade municipal de Utilidade P\u00fablica.<\/span><\/p>\n<p class=\"MsoNormal\"><span style=\"font-family: Arial;\">O Programa AABB Comunidade consiste em uma proposta de complementa\u00e7\u00e3o educacional, baseada na valoriza\u00e7\u00e3o da cultura do educando e de sua comunidade. Essa complementa\u00e7\u00e3o seria efetivada por meio de atividades l\u00fadicas desenvolvidas em torno de \u00e1reas como sa\u00fade e higiene, esporte e linguagens art\u00edsticas, possibilitando a constru\u00e7\u00e3o de conhecimentos e o acesso \u00e0 cidadania. <\/span><\/p>\n<p class=\"MsoNormal\"><span style=\"font-family: Arial;\">Com fundamenta\u00e7\u00e3o no Estatuto da Crian\u00e7a e do Adolescente \u2013 ECA, o Programa, que tem como objetivo fundamental a complementaridade escolar e a inser\u00e7\u00e3o social, atende a crian\u00e7as e adolescentes na faixa et\u00e1ria de 7 a 18 anos incompletos.<\/span><\/p>\n<p class=\"MsoNormal\"><span style=\"font-family: Arial;\">A segunda vota\u00e7\u00e3o j\u00e1 esta na pauta da pr\u00f3xima sess\u00e3o e tudo indica que o resultado ser\u00e1 a aprova\u00e7\u00e3o definitiva do projeto. <\/span><\/p>\n<p class=\"MsoNormal\"><span style=\"font-family: Arial;\">Este ano foi aprovado tamb\u00e9m o projeto de Lei n\u00ba. 2270\/2009, que \u201cDeclara de Utilidade P\u00fablica a CDL \u2013 C\u00e2mara dos Dirigentes Lojistas de Ji-Paran\u00e1\u201d.<\/span><\/p>\n<p class=\"MsoNormal\"><span style=\"font-family: Arial;\"> <\/span><\/p>\n","protected":false},"excerpt":{"rendered":"<p>Na \u00faltima ter\u00e7a (28), a c\u00e2mara de Ji-Paran\u00e1 aprovou por unanimidade a lei que declara a AABB Comunidade uma entidade municipal de Utilidade P\u00fablica. O Programa AABB Comunidade consiste em uma proposta de complementa\u00e7\u00e3o educacional, baseada na valoriza\u00e7\u00e3o da cultura do educando e de sua comunidade. Essa complementa\u00e7\u00e3o seria efetivada por meio de atividades l\u00fadicas [&hellip;]<\/p>\n","protected":false},"author":3,"featured_media":0,"comment_status":"open","ping_status":"open","sticky":false,"template":"","format":"standard","meta":{"tdm_status":"","tdm_grid_status":"","footnotes":""},"categories":[22],"tags":[],"class_list":{"0":"post-1154","1":"post","2":"type-post","3":"status-publish","4":"format-standard","6":"category-brasil"},"_links":{"self":[{"href":"https:\/\/migracao.redenoticia.com.br\/noticia\/wp-json\/wp\/v2\/posts\/1154","targetHints":{"allow":["GET"]}}],"collection":[{"href":"https:\/\/migracao.redenoticia.com.br\/noticia\/wp-json\/wp\/v2\/posts"}],"about":[{"href":"https:\/\/migracao.redenoticia.com.br\/noticia\/wp-json\/wp\/v2\/types\/post"}],"author":[{"embeddable":true,"href":"https:\/\/migracao.redenoticia.com.br\/noticia\/wp-json\/wp\/v2\/users\/3"}],"replies":[{"embeddable":true,"href":"https:\/\/migracao.redenoticia.com.br\/noticia\/wp-json\/wp\/v2\/comments?post=1154"}],"version-history":[{"count":0,"href":"https:\/\/migracao.redenoticia.com.br\/noticia\/wp-json\/wp\/v2\/posts\/1154\/revisions"}],"wp:attachment":[{"href":"https:\/\/migracao.redenoticia.com.br\/noticia\/wp-json\/wp\/v2\/media?parent=1154"}],"wp:term":[{"taxonomy":"category","embeddable":true,"href":"https:\/\/migracao.redenoticia.com.br\/noticia\/wp-json\/wp\/v2\/categories?post=1154"},{"taxonomy":"post_tag","embeddable":true,"href":"https:\/\/migracao.redenoticia.com.br\/noticia\/wp-json\/wp\/v2\/tags?post=1154"}],"curies":[{"name":"wp","href":"https:\/\/api.w.org\/{rel}","templated":true}]}}