{"id":115408,"date":"2017-06-19T16:40:05","date_gmt":"2017-06-19T19:40:05","guid":{"rendered":"https:\/\/www.redenoticia.com.br\/noticia\/?p=115408"},"modified":"2017-06-20T17:39:47","modified_gmt":"2017-06-20T20:39:47","slug":"novela-ribeirao-do-tempo-resumo-2006-carlos-agride-guilherme","status":"publish","type":"post","link":"https:\/\/migracao.redenoticia.com.br\/noticia\/2017\/novela-ribeirao-do-tempo-resumo-2006-carlos-agride-guilherme\/115408","title":{"rendered":"Novela \u201cRibeir\u00e3o do Tempo\u201d resumo 20\/06: Carlos agride Guilherme"},"content":{"rendered":"<p> <img loading=\"lazy\" decoding=\"async\" src=\"https:\/\/migracao.redenoticia.com.br\/noticia\/imagens\/ribeirao_do_tempo_novela_record_resumo-150x112.jpg\" alt=\"\" width=\"150\" height=\"112\" class=\"alignleft size-thumbnail wp-image-108265\" srcset=\"https:\/\/migracao.redenoticia.com.br\/noticia\/imagens\/ribeirao_do_tempo_novela_record_resumo-150x112.jpg 150w, https:\/\/migracao.redenoticia.com.br\/noticia\/imagens\/ribeirao_do_tempo_novela_record_resumo-265x198.jpg 265w\" sizes=\"auto, (max-width: 150px) 100vw, 150px\" \/><strong><em>Novela \u201cRibeir\u00e3o do Tempo\u201d resumo 20\/06<\/em><\/strong>: no capitulo 076 (*) da novela \u201cRibeir\u00e3o do Tempo\u201d, ter\u00e7a-feira, 20 de junho, Ajuricaba se pronuncia a favor de Ari. Ari vai embora e Ajuricaba vai atr\u00e1s. Descontrolada, Karina chora e diz a C\u00e9lia que n\u00e3o tem a menor l\u00f3gica acreditar que Filomena pode ter seduzido Tito. Tito pede a m\u00e3o de Filomena em casamento para Quer\u00eancio. Marisa pergunta a Filomena se ela tem certeza de que quer se casar. Quer\u00eancio e Filomena combinam de conversar antes de tomar a decis\u00e3o final. Fil\u00f3 pede para Tito n\u00e3o trat\u00e1-la como uma boboca que est\u00e1 sendo levada na conversa. <\/p>\n<p>Marisa fala para Quer\u00eancio que Tito pode estar interessado na fortuna que ele herdou. Arminda entra no quarto de Diana e v\u00ea a menina e Guilherme deitados na cama conversando. Arminda briga com Diana e diz que ela a desobedeceu. Ajuricaba chega em casa acompanhado de Ari e cumprimenta S\u00e9rgio rapidamente. Preocupada, Beatriz diz a Nicolau que se pergunta se \u00c9rico n\u00e3o tinha raz\u00e3o quando pediu que ele renunciasse ao mandato. Fil\u00f3 conta a Romeu e Sancha que vai se casar. <\/p>\n<p>Tito revela a Clor\u00eds que vai se casar com Filomena e que ela vai ser sua avalista. Arminda deixa claro para Diana que ela deve dar satisfa\u00e7\u00e3o de tudo o que fizer. Nicolau conta a Lincon que Quer\u00eancio vai se candidatar a prefeito. S\u00e9rgio fala para Andr\u00e9 e S\u00f4nia que vai parar de ajud\u00e1-los antes do anivers\u00e1rio do delegado. <\/p>\n<p>(*) edi\u00e7\u00e3o da Rede Record, Novela \u201cRibeir\u00e3o do Tempo\u201d, sujeito a altera\u00e7\u00e3o de data e conte\u00fado.<\/p>\n","protected":false},"excerpt":{"rendered":"<p>Novela \u201cRibeir\u00e3o do Tempo\u201d resumo 20\/06: no capitulo 076 (*) da novela \u201cRibeir\u00e3o do Tempo\u201d, ter\u00e7a-feira, 20 de junho, Ajuricaba se pronuncia a favor de Ari. Ari vai embora e Ajuricaba vai atr\u00e1s. Descontrolada, Karina chora e diz a C\u00e9lia que n\u00e3o tem a menor l\u00f3gica acreditar que Filomena pode ter seduzido Tito. Tito pede [&hellip;]<\/p>\n","protected":false},"author":2,"featured_media":108265,"comment_status":"open","ping_status":"closed","sticky":false,"template":"","format":"standard","meta":{"tdm_status":"","tdm_grid_status":"","footnotes":""},"categories":[379,371,343],"tags":[441],"class_list":{"0":"post-115408","1":"post","2":"type-post","3":"status-publish","4":"format-standard","5":"has-post-thumbnail","7":"category-novelas","8":"category-rede-record","9":"category-televisao","10":"tag-resumo-do-dia"},"_links":{"self":[{"href":"https:\/\/migracao.redenoticia.com.br\/noticia\/wp-json\/wp\/v2\/posts\/115408","targetHints":{"allow":["GET"]}}],"collection":[{"href":"https:\/\/migracao.redenoticia.com.br\/noticia\/wp-json\/wp\/v2\/posts"}],"about":[{"href":"https:\/\/migracao.redenoticia.com.br\/noticia\/wp-json\/wp\/v2\/types\/post"}],"author":[{"embeddable":true,"href":"https:\/\/migracao.redenoticia.com.br\/noticia\/wp-json\/wp\/v2\/users\/2"}],"replies":[{"embeddable":true,"href":"https:\/\/migracao.redenoticia.com.br\/noticia\/wp-json\/wp\/v2\/comments?post=115408"}],"version-history":[{"count":0,"href":"https:\/\/migracao.redenoticia.com.br\/noticia\/wp-json\/wp\/v2\/posts\/115408\/revisions"}],"wp:featuredmedia":[{"embeddable":true,"href":"https:\/\/migracao.redenoticia.com.br\/noticia\/wp-json\/wp\/v2\/media\/108265"}],"wp:attachment":[{"href":"https:\/\/migracao.redenoticia.com.br\/noticia\/wp-json\/wp\/v2\/media?parent=115408"}],"wp:term":[{"taxonomy":"category","embeddable":true,"href":"https:\/\/migracao.redenoticia.com.br\/noticia\/wp-json\/wp\/v2\/categories?post=115408"},{"taxonomy":"post_tag","embeddable":true,"href":"https:\/\/migracao.redenoticia.com.br\/noticia\/wp-json\/wp\/v2\/tags?post=115408"}],"curies":[{"name":"wp","href":"https:\/\/api.w.org\/{rel}","templated":true}]}}