{"id":115412,"date":"2017-06-19T16:42:45","date_gmt":"2017-06-19T19:42:45","guid":{"rendered":"https:\/\/www.redenoticia.com.br\/noticia\/?p=115412"},"modified":"2017-06-20T21:15:34","modified_gmt":"2017-06-21T00:15:34","slug":"novela-a-escrava-isaura-resumo-2006-henrique-da-um-soco-em-leoncio","status":"publish","type":"post","link":"https:\/\/migracao.redenoticia.com.br\/noticia\/2017\/novela-a-escrava-isaura-resumo-2006-henrique-da-um-soco-em-leoncio\/115412","title":{"rendered":"Novela \u201cA Escrava Isaura\u201d resumo 20\/06: Le\u00f4ncio planeja matar \u00c1lvaro"},"content":{"rendered":"<p> <img loading=\"lazy\" decoding=\"async\" class=\"alignleft size-thumbnail wp-image-103446\" src=\"https:\/\/migracao.redenoticia.com.br\/noticia\/imagens\/a_escrava_isaura_record_novela_resumo-150x112.jpg\" alt=\"\" width=\"150\" height=\"112\" srcset=\"https:\/\/migracao.redenoticia.com.br\/noticia\/imagens\/a_escrava_isaura_record_novela_resumo-150x112.jpg 150w, https:\/\/migracao.redenoticia.com.br\/noticia\/imagens\/a_escrava_isaura_record_novela_resumo-265x198.jpg 265w\" sizes=\"auto, (max-width: 150px) 100vw, 150px\" \/><strong><em>Novela \u201cA Escrava Isaura\u201d resumo 20\/06<\/em><\/strong>: no capitulo 117 (*) da novela \u201cA Escrava Isaura\u201d, ter\u00e7a-feira, 20 de junho, Belchior leva o convite para o sarau de Isaura a Perp\u00e9tua, Gioconda e Gabriel. Le\u00f4ncio vai ao bordel. Sebasti\u00e3o, Henrique, Helena e Aurora arranjam-se para o sarau. Malvina decide ir \u00e0 festa comemorar. Le\u00f4ncio diz a Serafina que quer seus servi\u00e7os de gra\u00e7a. Branca irrita-se com a liberdade de Isaura e amea\u00e7a mat\u00e1-la. Todos festejam a liberdade de Isaura, menos Rosa que est\u00e1 triste e Belchior que fica b\u00eabado. Le\u00f4ncio diz a Francisco e Martinho que planeja matar \u00c1lvaro e sequestrar Isaura. Le\u00f4ncio conversa com Francisco sobre Isaura. \u00c1lvaro e Isaura recebem amigos e familiares na fazenda para celebrarem a liberdade dos escravos e a uni\u00e3o do casal. Rosa fica aborrecida por continuar escrava e Isaura ter conseguido sua carta de alforria. Gioconda sente ci\u00fames do Cel. Sebasti\u00e3o com Perp\u00e9tua. Le\u00f4ncio pede a arma de Francisco emprestada. <\/p>\n<p>(*) edi\u00e7\u00e3o da Rede Record, Novela \u201cA Escrava Isaura\u201d, sujeito a altera\u00e7\u00e3o de data e conte\u00fado.<\/p>\n<p>A Escrava Isaura \u00e9 uma telenovela brasileira produzida pela Rede Record de Televis\u00e3o e exibida entre 18 de outubro de 2004 e 29 de abril de 2005, totalizando 167 cap\u00edtulos, 27 a mais que o originalmente previsto. Escrita por Tiago Santiago, Anamaria Nunes com colabora\u00e7\u00e3o de Altenir Silva e dirigida por Herval Rossano, F\u00e1bio Junqueira, Em\u00edlio Di Biasi e Fl\u00e1vio Colatrello Jr., \u00e9 inspirada no romance hom\u00f4nimo de 1875, escrito por Bernardo Guimar\u00e3es. A obra foi um sucesso logo ap\u00f3s ser publicada, em parte pelo apelo feminino em raz\u00e3o do sentimentalismo do enredo. O livro toca em pontos abolicionistas, que eram controversos na \u00e9poca e \u00e9 considerado um marco na literatura abolicionista brasileira.<\/p>\n","protected":false},"excerpt":{"rendered":"<p>Novela \u201cA Escrava Isaura\u201d resumo 20\/06: no capitulo 117 (*) da novela \u201cA Escrava Isaura\u201d, ter\u00e7a-feira, 20 de junho, Belchior leva o convite para o sarau de Isaura a Perp\u00e9tua, Gioconda e Gabriel. Le\u00f4ncio vai ao bordel. Sebasti\u00e3o, Henrique, Helena e Aurora arranjam-se para o sarau. Malvina decide ir \u00e0 festa comemorar. Le\u00f4ncio diz a [&hellip;]<\/p>\n","protected":false},"author":2,"featured_media":103446,"comment_status":"open","ping_status":"closed","sticky":false,"template":"","format":"standard","meta":{"tdm_status":"","tdm_grid_status":"","footnotes":""},"categories":[379,371,343],"tags":[441],"class_list":{"0":"post-115412","1":"post","2":"type-post","3":"status-publish","4":"format-standard","5":"has-post-thumbnail","7":"category-novelas","8":"category-rede-record","9":"category-televisao","10":"tag-resumo-do-dia"},"_links":{"self":[{"href":"https:\/\/migracao.redenoticia.com.br\/noticia\/wp-json\/wp\/v2\/posts\/115412","targetHints":{"allow":["GET"]}}],"collection":[{"href":"https:\/\/migracao.redenoticia.com.br\/noticia\/wp-json\/wp\/v2\/posts"}],"about":[{"href":"https:\/\/migracao.redenoticia.com.br\/noticia\/wp-json\/wp\/v2\/types\/post"}],"author":[{"embeddable":true,"href":"https:\/\/migracao.redenoticia.com.br\/noticia\/wp-json\/wp\/v2\/users\/2"}],"replies":[{"embeddable":true,"href":"https:\/\/migracao.redenoticia.com.br\/noticia\/wp-json\/wp\/v2\/comments?post=115412"}],"version-history":[{"count":0,"href":"https:\/\/migracao.redenoticia.com.br\/noticia\/wp-json\/wp\/v2\/posts\/115412\/revisions"}],"wp:featuredmedia":[{"embeddable":true,"href":"https:\/\/migracao.redenoticia.com.br\/noticia\/wp-json\/wp\/v2\/media\/103446"}],"wp:attachment":[{"href":"https:\/\/migracao.redenoticia.com.br\/noticia\/wp-json\/wp\/v2\/media?parent=115412"}],"wp:term":[{"taxonomy":"category","embeddable":true,"href":"https:\/\/migracao.redenoticia.com.br\/noticia\/wp-json\/wp\/v2\/categories?post=115412"},{"taxonomy":"post_tag","embeddable":true,"href":"https:\/\/migracao.redenoticia.com.br\/noticia\/wp-json\/wp\/v2\/tags?post=115412"}],"curies":[{"name":"wp","href":"https:\/\/api.w.org\/{rel}","templated":true}]}}