{"id":115416,"date":"2017-06-19T16:44:15","date_gmt":"2017-06-19T19:44:15","guid":{"rendered":"https:\/\/www.redenoticia.com.br\/noticia\/?p=115416"},"modified":"2017-06-20T21:40:00","modified_gmt":"2017-06-21T00:40:00","slug":"novela-o-rico-e-lazaro-resumo-2006-shag-shag-grita-por-socorro","status":"publish","type":"post","link":"https:\/\/migracao.redenoticia.com.br\/noticia\/2017\/novela-o-rico-e-lazaro-resumo-2006-shag-shag-grita-por-socorro\/115416","title":{"rendered":"Novela \u201cO Rico e L\u00e1zaro\u201d resumo 20\/06: Shag-Shag grita por socorro"},"content":{"rendered":"<p> <img loading=\"lazy\" decoding=\"async\" src=\"https:\/\/migracao.redenoticia.com.br\/noticia\/imagens\/o_rico_e_o_lazaro_resumo_novela_record-150x112.jpg\" alt=\"\" width=\"150\" height=\"112\" class=\"alignleft size-thumbnail wp-image-107948\" srcset=\"https:\/\/migracao.redenoticia.com.br\/noticia\/imagens\/o_rico_e_o_lazaro_resumo_novela_record-150x112.jpg 150w, https:\/\/migracao.redenoticia.com.br\/noticia\/imagens\/o_rico_e_o_lazaro_resumo_novela_record-265x198.jpg 265w\" sizes=\"auto, (max-width: 150px) 100vw, 150px\" \/><strong><em>Novela \u201cO Rico e L\u00e1zaro\u201d resumo 20\/06<\/em><\/strong>: no capitulo 072(*) da novela \u201cO Rico e L\u00e1zaro\u201d, ter\u00e7a-feira, 20 de junho, Ravina fala sobre o desejo de tornar-se administrador da sinagoga no lugar de Fassur. O sacerdote \u00e9 convidado para um jantar na casa de Elga. Aspenaz avisa que Evil deseja ver Daniel. Beroso pede para Zac fingir que Absalom errou nos c\u00e1lculos das vendas de armas. <\/p>\n<p>Arioque conversa com Aspenaz e diz acreditar na inoc\u00eancia de Shag-Shag. Nit\u00f3cris discute com Nabonido. Evil procura o rei e chama Daniel para falar sobre o roubo nas contas do pal\u00e1cio. Zac chega em casa e se recusa a jantar na presen\u00e7a de Fassur. Dana incentiva o noivado de Joana e Zac. <\/p>\n<p>Sadraque chega para observar Dalila durante a noite. Ebede chama Gadise para uma conversa. Sammu-Ramat inala o incenso e tem alucina\u00e7\u00f5es. Sadraque percebe que Dalila \u00e9 son\u00e2mbula. No alojamento, uma escrava amea\u00e7a Lia com uma faca.<\/p>\n<p>(*) edi\u00e7\u00e3o da Rede Record, Novela \u201cO Rico e L\u00e1zaro\u201d, sujeito a altera\u00e7\u00e3o de data e conte\u00fado.<\/p>\n","protected":false},"excerpt":{"rendered":"<p>Novela \u201cO Rico e L\u00e1zaro\u201d resumo 20\/06: no capitulo 072(*) da novela \u201cO Rico e L\u00e1zaro\u201d, ter\u00e7a-feira, 20 de junho, Ravina fala sobre o desejo de tornar-se administrador da sinagoga no lugar de Fassur. O sacerdote \u00e9 convidado para um jantar na casa de Elga. Aspenaz avisa que Evil deseja ver Daniel. Beroso pede para [&hellip;]<\/p>\n","protected":false},"author":2,"featured_media":107948,"comment_status":"open","ping_status":"closed","sticky":false,"template":"","format":"standard","meta":{"tdm_status":"","tdm_grid_status":"","footnotes":""},"categories":[379,371,343],"tags":[441],"class_list":{"0":"post-115416","1":"post","2":"type-post","3":"status-publish","4":"format-standard","5":"has-post-thumbnail","7":"category-novelas","8":"category-rede-record","9":"category-televisao","10":"tag-resumo-do-dia"},"_links":{"self":[{"href":"https:\/\/migracao.redenoticia.com.br\/noticia\/wp-json\/wp\/v2\/posts\/115416","targetHints":{"allow":["GET"]}}],"collection":[{"href":"https:\/\/migracao.redenoticia.com.br\/noticia\/wp-json\/wp\/v2\/posts"}],"about":[{"href":"https:\/\/migracao.redenoticia.com.br\/noticia\/wp-json\/wp\/v2\/types\/post"}],"author":[{"embeddable":true,"href":"https:\/\/migracao.redenoticia.com.br\/noticia\/wp-json\/wp\/v2\/users\/2"}],"replies":[{"embeddable":true,"href":"https:\/\/migracao.redenoticia.com.br\/noticia\/wp-json\/wp\/v2\/comments?post=115416"}],"version-history":[{"count":0,"href":"https:\/\/migracao.redenoticia.com.br\/noticia\/wp-json\/wp\/v2\/posts\/115416\/revisions"}],"wp:featuredmedia":[{"embeddable":true,"href":"https:\/\/migracao.redenoticia.com.br\/noticia\/wp-json\/wp\/v2\/media\/107948"}],"wp:attachment":[{"href":"https:\/\/migracao.redenoticia.com.br\/noticia\/wp-json\/wp\/v2\/media?parent=115416"}],"wp:term":[{"taxonomy":"category","embeddable":true,"href":"https:\/\/migracao.redenoticia.com.br\/noticia\/wp-json\/wp\/v2\/categories?post=115416"},{"taxonomy":"post_tag","embeddable":true,"href":"https:\/\/migracao.redenoticia.com.br\/noticia\/wp-json\/wp\/v2\/tags?post=115416"}],"curies":[{"name":"wp","href":"https:\/\/api.w.org\/{rel}","templated":true}]}}