{"id":115425,"date":"2017-06-19T16:31:08","date_gmt":"2017-06-19T19:31:08","guid":{"rendered":"https:\/\/www.redenoticia.com.br\/noticia\/?p=115425"},"modified":"2017-06-19T16:14:03","modified_gmt":"2017-06-19T19:14:03","slug":"resumo-novela-o-que-a-vida-me-roubou-2006-jose-luis-procura-fabiola","status":"publish","type":"post","link":"https:\/\/migracao.redenoticia.com.br\/noticia\/2017\/resumo-novela-o-que-a-vida-me-roubou-2006-jose-luis-procura-fabiola\/115425","title":{"rendered":"Resumo novela \u201cO Que A Vida Me Roubou\u201d 20\/06: Jos\u00e9 Luis procura Fabiola"},"content":{"rendered":"<p> <img loading=\"lazy\" decoding=\"async\" src=\"https:\/\/migracao.redenoticia.com.br\/noticia\/imagens\/o-que-a-vida-me-roubou-novela-resumo-sbt-150x112.jpg\" alt=\"\" width=\"150\" height=\"112\" class=\"alignleft size-thumbnail wp-image-105656\" srcset=\"https:\/\/migracao.redenoticia.com.br\/noticia\/imagens\/o-que-a-vida-me-roubou-novela-resumo-sbt-150x112.jpg 150w, https:\/\/migracao.redenoticia.com.br\/noticia\/imagens\/o-que-a-vida-me-roubou-novela-resumo-sbt-265x198.jpg 265w\" sizes=\"auto, (max-width: 150px) 100vw, 150px\" \/><strong><em>Resumo novela \u201cO Que A Vida Me Roubou\u201d 20\/06<\/em><\/strong>: no cap\u00edtulo 102(*) da novela \u201cO Que A Vida Me Roubou\u201d, resumo de ter\u00e7a-feira, 20 de junho, Pedro descobre a carruagem com flores, mas Susana o explica que j\u00e1 ir\u00e3o tir\u00e1-las de l\u00e1. Pedro pergunta se Nadia sabe das flores. Susana responde que n\u00e3o. Pedro telefona para Adolfo a fim de perguntar o que aconteceu com Victor depois do acidente. Pedro pensa que algo pode ter sa\u00eddo mal, pois Nadia anda muito inquieta. Assim, eles devem ficar alertas e, se Victor aparecer, j\u00e1 sabem o que devem fazer. <\/p>\n<p>Adolfo vai visitar Maria na cl\u00ednica de reabilita\u00e7\u00e3o para falar que Nadia, sua irm\u00e3, sobreviveu junto a sua sobrinha Victoria, e que ambas est\u00e3o na casa de Pedro Medina. Maria se emociona, pois intui que Alessandro tamb\u00e9m esteja vivo e deseja saber com todas as suas for\u00e7as onde est\u00e1. Montserrat e Jos\u00e9 Luis juntos com Laurinho voltam da lua de mel. Laurinho comenta com sua av\u00f3 Ros\u00e1rio que a trouxe muitos presentes e a convida para ir at\u00e9 seu quarto para v\u00ea-los. No quarto, Laurinho conta \u00e0 av\u00f3 que no dia do casamento conheceu uma menina chamada Victoria, que lhe mostrou uma foto de Alessandro, seu tio, dizendo que este estava vivo. Ros\u00e1rio se surpreende ao escut\u00e1-lo. <\/p>\n<p>Maria conta tudo que fez para Adolfo e diz que perdeu o gosto pela vida desde a \u201cmorte\u201d de Alessandro. Ela dormia nas ruas e comia no lix\u00e3o. Ela diz que Ezequiel a ofereceu drogas para esquecer o ocorrido e a transformou em sua amante por muito tempo, at\u00e9 que se cansou dela e a mandou embora. Graziela vai visitar Am\u00e9lia para perguntar se \u00e9 verdade que Nadia j\u00e1 voltou, mas Am\u00e9lia diz n\u00e3o saber de nada. Jos\u00e9 Luis vai atr\u00e1s de Fabiola em sua casa para reclamar por ela ter estregado o vestido de Montserrat. Ele pede que ela deixe sua esposa em paz, do contr\u00e1rio, se arrepender\u00e1.<\/p>\n<p>(*) edi\u00e7\u00e3o do SBT, Novela \u201cO Que A Vida Me Roubou\u201d, sujeito a altera\u00e7\u00e3o de data e conte\u00fado.<\/p>\n<p>Lo que la vida me rob\u00f3 (no Brasil, O Que a Vida Me Roubou) \u00e9 uma telenovela mexicana produzida por Angelli Nesma Medina para Televisa e exibida pelo Canal de las Estrellas entre 28 de outubro de 2013 e 27 de julho de 2014 em 196 cap\u00edtulos, substituindo La tempestad e sendo substitu\u00edda por Hasta el fin del mundo. A original \u00e9 de Caridad Bravo Adams, sendo esta um remake modernizado das novelas Bodas de odio e Amor real, produzidas em 1983 e 2003, respectivamente. Tem Angelique Boyer, Sebasti\u00e1n Rulli, Luis Roberto Guzm\u00e1n, Daniela Castro, Grettell Vald\u00e9z, Sergio Sendel e Lisset nos papeis principais.<\/p>\n","protected":false},"excerpt":{"rendered":"<p>Resumo novela \u201cO Que A Vida Me Roubou\u201d 20\/06: no cap\u00edtulo 102(*) da novela \u201cO Que A Vida Me Roubou\u201d, resumo de ter\u00e7a-feira, 20 de junho, Pedro descobre a carruagem com flores, mas Susana o explica que j\u00e1 ir\u00e3o tir\u00e1-las de l\u00e1. Pedro pergunta se Nadia sabe das flores. Susana responde que n\u00e3o. Pedro telefona [&hellip;]<\/p>\n","protected":false},"author":2,"featured_media":105656,"comment_status":"open","ping_status":"closed","sticky":false,"template":"","format":"standard","meta":{"tdm_status":"","tdm_grid_status":"","footnotes":""},"categories":[379,372,343],"tags":[441],"class_list":{"0":"post-115425","1":"post","2":"type-post","3":"status-publish","4":"format-standard","5":"has-post-thumbnail","7":"category-novelas","8":"category-sbt","9":"category-televisao","10":"tag-resumo-do-dia"},"_links":{"self":[{"href":"https:\/\/migracao.redenoticia.com.br\/noticia\/wp-json\/wp\/v2\/posts\/115425","targetHints":{"allow":["GET"]}}],"collection":[{"href":"https:\/\/migracao.redenoticia.com.br\/noticia\/wp-json\/wp\/v2\/posts"}],"about":[{"href":"https:\/\/migracao.redenoticia.com.br\/noticia\/wp-json\/wp\/v2\/types\/post"}],"author":[{"embeddable":true,"href":"https:\/\/migracao.redenoticia.com.br\/noticia\/wp-json\/wp\/v2\/users\/2"}],"replies":[{"embeddable":true,"href":"https:\/\/migracao.redenoticia.com.br\/noticia\/wp-json\/wp\/v2\/comments?post=115425"}],"version-history":[{"count":0,"href":"https:\/\/migracao.redenoticia.com.br\/noticia\/wp-json\/wp\/v2\/posts\/115425\/revisions"}],"wp:featuredmedia":[{"embeddable":true,"href":"https:\/\/migracao.redenoticia.com.br\/noticia\/wp-json\/wp\/v2\/media\/105656"}],"wp:attachment":[{"href":"https:\/\/migracao.redenoticia.com.br\/noticia\/wp-json\/wp\/v2\/media?parent=115425"}],"wp:term":[{"taxonomy":"category","embeddable":true,"href":"https:\/\/migracao.redenoticia.com.br\/noticia\/wp-json\/wp\/v2\/categories?post=115425"},{"taxonomy":"post_tag","embeddable":true,"href":"https:\/\/migracao.redenoticia.com.br\/noticia\/wp-json\/wp\/v2\/tags?post=115425"}],"curies":[{"name":"wp","href":"https:\/\/api.w.org\/{rel}","templated":true}]}}