{"id":115435,"date":"2017-06-19T16:36:50","date_gmt":"2017-06-19T19:36:50","guid":{"rendered":"https:\/\/www.redenoticia.com.br\/noticia\/?p=115435"},"modified":"2017-06-19T16:19:39","modified_gmt":"2017-06-19T19:19:39","slug":"resumo-novela-novo-mundo-2006-joaquim-e-preso","status":"publish","type":"post","link":"https:\/\/migracao.redenoticia.com.br\/noticia\/2017\/resumo-novela-novo-mundo-2006-joaquim-e-preso\/115435","title":{"rendered":"Resumo novela \u201cNovo Mundo\u201d 20\/06: Joaquim \u00e9 preso"},"content":{"rendered":"<p> <img loading=\"lazy\" decoding=\"async\" class=\"alignleft size-thumbnail wp-image-107950\" src=\"https:\/\/migracao.redenoticia.com.br\/noticia\/imagens\/novo_mundo_novela_resumo_globo-150x112.jpg\" alt=\"\" width=\"150\" height=\"112\" srcset=\"https:\/\/migracao.redenoticia.com.br\/noticia\/imagens\/novo_mundo_novela_resumo_globo-150x112.jpg 150w, https:\/\/migracao.redenoticia.com.br\/noticia\/imagens\/novo_mundo_novela_resumo_globo-265x198.jpg 265w\" sizes=\"auto, (max-width: 150px) 100vw, 150px\" \/><strong><em>Resumo novela \u201cNovo Mundo\u201d 20\/06<\/em><\/strong>: no cap\u00edtulo 078(*) da novela \u201cNovo Mundo\u201d, resumo de ter\u00e7a-feira, 20 de junho, Jacinto avisa a Thomas que o corpo de Elvira foi encontrado. Joaquim recebe a not\u00edcia da morte de Elvira e tenta acalmar Quinzinho. Germana e Licurgo acusam Joaquim pela morte de Elvira e o rapaz acaba preso. Peter e Lib\u00e9rio tentam libertar Joaquim e avisam a Dom Pedro e Bonif\u00e1cio. Hugo tranquiliza Quinzinho. Thomas \u00e9 interrogado pela morte de Elvira. Dom Pedro visita Joaquim na cadeia, mas vai embora quando Joaquim fala de Domitila. Thomas revela a Anna que Joaquim foi acusado pela morte de Elvira. Bonif\u00e1cio garante a Joaquim que ir\u00e1 ajud\u00e1-lo. Anna afirma que se vingar\u00e1 de Thomas. Cec\u00edlia tenta se entender com Lib\u00e9rio, mas \u00e9 impedida por Matias. Licurgo insinua que Wolfgang tem motivos para sentir ci\u00fames de Diara e Ferdinando. Thomas invade a casa de Domitila. Matias descobre que \u00e9 irm\u00e3o de Cec\u00edlia. Jacinto conduz o caix\u00e3o de Elvira.<\/p>\n<p>(*) edi\u00e7\u00e3o da Rede Globo, Novela \u201cNovo Mundo\u201d, sujeito a altera\u00e7\u00e3o de data e conte\u00fado.<\/p>\n<p>Novo Mundo \u00e9 uma telenovela brasileira produzida pela Rede Globo. Escrita por Thereza Falc\u00e3o e Alessandro Marson, conta com dire\u00e7\u00e3o art\u00edstica de Vin\u00edcius Coimbra. Conta com as participa\u00e7\u00f5es de Isabelle Drummond, Chay Suede, Caio Castro, Let\u00edcia Colin, Leo Jaime, D\u00e9bora Olivieri, Rodrigo Simas, Giullia Buscacio, Vivianne Pasmanter, Guilherme Piva, R\u00f4mulo Estrela, Agatha Moreira, Luisa Micheletti, Gabriel Braga Nunes, e Ingrid Guimar\u00e3es.<\/p>\n","protected":false},"excerpt":{"rendered":"<p>Resumo novela \u201cNovo Mundo\u201d 20\/06: no cap\u00edtulo 078(*) da novela \u201cNovo Mundo\u201d, resumo de ter\u00e7a-feira, 20 de junho, Jacinto avisa a Thomas que o corpo de Elvira foi encontrado. Joaquim recebe a not\u00edcia da morte de Elvira e tenta acalmar Quinzinho. Germana e Licurgo acusam Joaquim pela morte de Elvira e o rapaz acaba preso. [&hellip;]<\/p>\n","protected":false},"author":2,"featured_media":109552,"comment_status":"open","ping_status":"closed","sticky":false,"template":"","format":"standard","meta":{"tdm_status":"","tdm_grid_status":"","footnotes":""},"categories":[379,375,343],"tags":[441],"class_list":{"0":"post-115435","1":"post","2":"type-post","3":"status-publish","4":"format-standard","5":"has-post-thumbnail","7":"category-novelas","8":"category-rede-globo","9":"category-televisao","10":"tag-resumo-do-dia"},"_links":{"self":[{"href":"https:\/\/migracao.redenoticia.com.br\/noticia\/wp-json\/wp\/v2\/posts\/115435","targetHints":{"allow":["GET"]}}],"collection":[{"href":"https:\/\/migracao.redenoticia.com.br\/noticia\/wp-json\/wp\/v2\/posts"}],"about":[{"href":"https:\/\/migracao.redenoticia.com.br\/noticia\/wp-json\/wp\/v2\/types\/post"}],"author":[{"embeddable":true,"href":"https:\/\/migracao.redenoticia.com.br\/noticia\/wp-json\/wp\/v2\/users\/2"}],"replies":[{"embeddable":true,"href":"https:\/\/migracao.redenoticia.com.br\/noticia\/wp-json\/wp\/v2\/comments?post=115435"}],"version-history":[{"count":0,"href":"https:\/\/migracao.redenoticia.com.br\/noticia\/wp-json\/wp\/v2\/posts\/115435\/revisions"}],"wp:featuredmedia":[{"embeddable":true,"href":"https:\/\/migracao.redenoticia.com.br\/noticia\/wp-json\/wp\/v2\/media\/109552"}],"wp:attachment":[{"href":"https:\/\/migracao.redenoticia.com.br\/noticia\/wp-json\/wp\/v2\/media?parent=115435"}],"wp:term":[{"taxonomy":"category","embeddable":true,"href":"https:\/\/migracao.redenoticia.com.br\/noticia\/wp-json\/wp\/v2\/categories?post=115435"},{"taxonomy":"post_tag","embeddable":true,"href":"https:\/\/migracao.redenoticia.com.br\/noticia\/wp-json\/wp\/v2\/tags?post=115435"}],"curies":[{"name":"wp","href":"https:\/\/api.w.org\/{rel}","templated":true}]}}