{"id":115460,"date":"2017-06-20T00:05:16","date_gmt":"2017-06-20T03:05:16","guid":{"rendered":"https:\/\/www.redenoticia.com.br\/noticia\/?p=115460"},"modified":"2017-06-19T20:16:28","modified_gmt":"2017-06-19T23:16:28","slug":"treinamento-tecnico-em-bioinformatica-na-usp-com-bolsa-da-fapesp","status":"publish","type":"post","link":"https:\/\/migracao.redenoticia.com.br\/noticia\/2017\/treinamento-tecnico-em-bioinformatica-na-usp-com-bolsa-da-fapesp\/115460","title":{"rendered":"Treinamento T\u00e9cnico em Bioinform\u00e1tica na USP com Bolsa da FAPESP"},"content":{"rendered":"<p> Ag\u00eancia FAPESP \u2013 O Instituto de Bioci\u00eancias da Universidade de S\u00e3o Paulo (IB-USP) oferece uma oportunidade de <strong><em>Treinamento T\u00e9cnico (TT-3) em Bioinform\u00e1tica<\/em><\/strong> com Bolsa da FAPESP. O prazo de inscri\u00e7\u00e3o encerra em 30 de junho. A Bolsa est\u00e1 vinculada ao projeto \u201c\u201d, na modalidade Aux\u00edlio \u00e0 Pesquisa da FAPESP.<\/p>\n<p>O projeto busca entender como a via de estabiliza\u00e7\u00e3o do desenvolvimento evoluiu e prop\u00f5e uma combina\u00e7\u00e3o de gen\u00e9tica molecular, bioinform\u00e1tica, gen\u00f4mica funcional, ensaios bioqu\u00edmicos e abordagens de evo-devo (evolu\u00e7\u00e3o e desenvolvimento), para estudar uma esp\u00e9cie de Nematocera e duas esp\u00e9cies-chave de Brachycera.<\/p>\n<p>O bolsista selecionado ser\u00e1 respons\u00e1vel pela montagem das sequ\u00eancias curtas em transcritos e sua anota\u00e7\u00e3o; mapeamento das sequ\u00eancias curtas aos contigs anotados; cria\u00e7\u00e3o de um banco p\u00fablico de sequ\u00eancias.<\/p>\n<p>Os candidatos dever\u00e3o ser graduados do n\u00edvel superior sem reprova\u00e7\u00f5es em seu hist\u00f3rico escolar e dever\u00e3o ter experi\u00eancia em programa\u00e7\u00e3o de computadores e\/ou bioinform\u00e1tica.<\/p>\n<p>Os interessados devem enviar hist\u00f3rico escolar da gradua\u00e7\u00e3o, link para o Curr\u00edculo Lattes e uma carta de motiva\u00e7\u00e3o para Tatiana T.Torres, pesquisadora respons\u00e1vel pelo projeto, no endere\u00e7o tttorres@ib.usp.br.<\/p>\n<p>A \u00edntegra do texto dessa oportunidade est\u00e1 publicado em .<\/p>\n<p>Para mais informa\u00e7\u00f5es sobre as bolsas de Treinamento T\u00e9cnico acesse  e .<\/p>\n<p>Informa\u00e7\u00f5es sobre valores das bolsas TT est\u00e3o dispon\u00edveis no endere\u00e7o .<\/p>\n","protected":false},"excerpt":{"rendered":"<p>Ag\u00eancia FAPESP \u2013 O Instituto de Bioci\u00eancias da Universidade de S\u00e3o Paulo (IB-USP) oferece uma oportunidade de Treinamento T\u00e9cnico (TT-3) em Bioinform\u00e1tica com Bolsa da FAPESP. O prazo de inscri\u00e7\u00e3o encerra em 30 de junho. A Bolsa est\u00e1 vinculada ao projeto \u201c\u201d, na modalidade Aux\u00edlio \u00e0 Pesquisa da FAPESP. O projeto busca entender como a [&hellip;]<\/p>\n","protected":false},"author":2,"featured_media":57576,"comment_status":"open","ping_status":"closed","sticky":false,"template":"","format":"standard","meta":{"tdm_status":"","tdm_grid_status":"","footnotes":""},"categories":[22,351,370],"tags":[],"class_list":{"0":"post-115460","1":"post","2":"type-post","3":"status-publish","4":"format-standard","5":"has-post-thumbnail","7":"category-brasil","8":"category-cursos","9":"category-inscricao"},"_links":{"self":[{"href":"https:\/\/migracao.redenoticia.com.br\/noticia\/wp-json\/wp\/v2\/posts\/115460","targetHints":{"allow":["GET"]}}],"collection":[{"href":"https:\/\/migracao.redenoticia.com.br\/noticia\/wp-json\/wp\/v2\/posts"}],"about":[{"href":"https:\/\/migracao.redenoticia.com.br\/noticia\/wp-json\/wp\/v2\/types\/post"}],"author":[{"embeddable":true,"href":"https:\/\/migracao.redenoticia.com.br\/noticia\/wp-json\/wp\/v2\/users\/2"}],"replies":[{"embeddable":true,"href":"https:\/\/migracao.redenoticia.com.br\/noticia\/wp-json\/wp\/v2\/comments?post=115460"}],"version-history":[{"count":0,"href":"https:\/\/migracao.redenoticia.com.br\/noticia\/wp-json\/wp\/v2\/posts\/115460\/revisions"}],"wp:featuredmedia":[{"embeddable":true,"href":"https:\/\/migracao.redenoticia.com.br\/noticia\/wp-json\/wp\/v2\/media\/57576"}],"wp:attachment":[{"href":"https:\/\/migracao.redenoticia.com.br\/noticia\/wp-json\/wp\/v2\/media?parent=115460"}],"wp:term":[{"taxonomy":"category","embeddable":true,"href":"https:\/\/migracao.redenoticia.com.br\/noticia\/wp-json\/wp\/v2\/categories?post=115460"},{"taxonomy":"post_tag","embeddable":true,"href":"https:\/\/migracao.redenoticia.com.br\/noticia\/wp-json\/wp\/v2\/tags?post=115460"}],"curies":[{"name":"wp","href":"https:\/\/api.w.org\/{rel}","templated":true}]}}