{"id":115480,"date":"2017-06-20T16:40:40","date_gmt":"2017-06-20T19:40:40","guid":{"rendered":"https:\/\/www.redenoticia.com.br\/noticia\/?p=115480"},"modified":"2017-06-21T16:28:30","modified_gmt":"2017-06-21T19:28:30","slug":"novela-ribeirao-do-tempo-resumo-2106-ari-desafia-querencio","status":"publish","type":"post","link":"https:\/\/migracao.redenoticia.com.br\/noticia\/2017\/novela-ribeirao-do-tempo-resumo-2106-ari-desafia-querencio\/115480","title":{"rendered":"Novela \u201cRibeir\u00e3o do Tempo\u201d resumo 21\/06: L\u00e9ia visita Flores"},"content":{"rendered":"<p> <img loading=\"lazy\" decoding=\"async\" src=\"https:\/\/migracao.redenoticia.com.br\/noticia\/imagens\/ribeirao_do_tempo_novela_record_resumo-150x112.jpg\" alt=\"\" width=\"150\" height=\"112\" class=\"alignleft size-thumbnail wp-image-108265\" srcset=\"https:\/\/migracao.redenoticia.com.br\/noticia\/imagens\/ribeirao_do_tempo_novela_record_resumo-150x112.jpg 150w, https:\/\/migracao.redenoticia.com.br\/noticia\/imagens\/ribeirao_do_tempo_novela_record_resumo-265x198.jpg 265w\" sizes=\"auto, (max-width: 150px) 100vw, 150px\" \/><strong><em>Novela \u201cRibeir\u00e3o do Tempo\u201d resumo 21\/06<\/em><\/strong>: no capitulo 077 (*) da novela \u201cRibeir\u00e3o do Tempo\u201d, quarta-feira, 21 de junho, Nasinho fala para Nicolau que Tito n\u00e3o aceitou a proposta&#8230;. Tito conta a Clor\u00eds, Virg\u00edlio, Iara e Newton que vai se casar com Filomena e que ela vai avalizar um empr\u00e9stimo para que ele reerga a pousada. Virg\u00edlio diz que pode ser que o banco n\u00e3o aceite o aval. Quer\u00eancio diz a Filomena que \u00e9 estranho Tito t\u00ea-la pedido em casamento depois de saber que ela vai herdar uma fortuna. Fil\u00f3 diz ao pai, a Sancha e a Romeu que ela e Tito se amam. <\/p>\n<p>Quer\u00eancio afirma que quer ver a filha feliz e que est\u00e1 de acordo com o casamento. Karina decide lutar por Tito. Irritad\u00edssimo, Virg\u00edlio diz a Iara que eles precisam melar o casamento de Tito e Filomena. Iara deixa claro para Virg\u00edlio que ele vai ter que se virar para conseguir o dinheiro dela. Arminda liga para Beatriz e as duas marcam o jantar. Arminda fala para Diana que em breve ela ser\u00e1 apresentada ao senador. Beatriz fala para Larissa que est\u00e1 sentindo que o casamento de Arminda e Nicolau vai sair. Andr\u00e9 fala para S\u00f4nia que eles t\u00eam que achar uma solu\u00e7\u00e3o, afinal S\u00e9rgio vai cair fora. Lincon explica a Patr\u00edcia que vai descobrir o que h\u00e1 por tr\u00e1s da candidatura de Quer\u00eancio. <\/p>\n<p>Tito liga para Fil\u00f3 e os dois combinam de se encontrar para resolver as pend\u00eancias burocr\u00e1ticas. Tito e Newton calculam o valor do empr\u00e9stimo necess\u00e1rio para reerguer a pousada. Sancha conta a L\u00e9ia e a Joca que Filomena vai se casar com Tito. Karina pede para Clor\u00eds ajud\u00e1-la a convencer Tito a desistir do casamento. Clor\u00eds afirma que tamb\u00e9m precisa de ajuda e conta que j\u00e1 pediu para Tito vender a pousada. Karina fala para Tito que n\u00e3o vai se conformar com esse casamento louco e deixa claro que um dia ele ainda vai procur\u00e1-la pedindo perd\u00e3o. Joca diz a Filomena que o povo vai falar que Tito s\u00f3 est\u00e1 de olho no dinheiro dela, mas apoia a amiga. L\u00e9ia visita Flores. O professor conta a L\u00e9ia que tem um irm\u00e3o parecido com ele.<\/p>\n<p>(*) edi\u00e7\u00e3o da Rede Record, Novela \u201cRibeir\u00e3o do Tempo\u201d, sujeito a altera\u00e7\u00e3o de data e conte\u00fado.<\/p>\n","protected":false},"excerpt":{"rendered":"<p>Novela \u201cRibeir\u00e3o do Tempo\u201d resumo 21\/06: no capitulo 077 (*) da novela \u201cRibeir\u00e3o do Tempo\u201d, quarta-feira, 21 de junho, Nasinho fala para Nicolau que Tito n\u00e3o aceitou a proposta&#8230;. Tito conta a Clor\u00eds, Virg\u00edlio, Iara e Newton que vai se casar com Filomena e que ela vai avalizar um empr\u00e9stimo para que ele reerga a [&hellip;]<\/p>\n","protected":false},"author":2,"featured_media":108265,"comment_status":"open","ping_status":"closed","sticky":false,"template":"","format":"standard","meta":{"tdm_status":"","tdm_grid_status":"","footnotes":""},"categories":[379,371,343],"tags":[441],"class_list":{"0":"post-115480","1":"post","2":"type-post","3":"status-publish","4":"format-standard","5":"has-post-thumbnail","7":"category-novelas","8":"category-rede-record","9":"category-televisao","10":"tag-resumo-do-dia"},"_links":{"self":[{"href":"https:\/\/migracao.redenoticia.com.br\/noticia\/wp-json\/wp\/v2\/posts\/115480","targetHints":{"allow":["GET"]}}],"collection":[{"href":"https:\/\/migracao.redenoticia.com.br\/noticia\/wp-json\/wp\/v2\/posts"}],"about":[{"href":"https:\/\/migracao.redenoticia.com.br\/noticia\/wp-json\/wp\/v2\/types\/post"}],"author":[{"embeddable":true,"href":"https:\/\/migracao.redenoticia.com.br\/noticia\/wp-json\/wp\/v2\/users\/2"}],"replies":[{"embeddable":true,"href":"https:\/\/migracao.redenoticia.com.br\/noticia\/wp-json\/wp\/v2\/comments?post=115480"}],"version-history":[{"count":0,"href":"https:\/\/migracao.redenoticia.com.br\/noticia\/wp-json\/wp\/v2\/posts\/115480\/revisions"}],"wp:featuredmedia":[{"embeddable":true,"href":"https:\/\/migracao.redenoticia.com.br\/noticia\/wp-json\/wp\/v2\/media\/108265"}],"wp:attachment":[{"href":"https:\/\/migracao.redenoticia.com.br\/noticia\/wp-json\/wp\/v2\/media?parent=115480"}],"wp:term":[{"taxonomy":"category","embeddable":true,"href":"https:\/\/migracao.redenoticia.com.br\/noticia\/wp-json\/wp\/v2\/categories?post=115480"},{"taxonomy":"post_tag","embeddable":true,"href":"https:\/\/migracao.redenoticia.com.br\/noticia\/wp-json\/wp\/v2\/tags?post=115480"}],"curies":[{"name":"wp","href":"https:\/\/api.w.org\/{rel}","templated":true}]}}