{"id":115484,"date":"2017-06-20T16:42:51","date_gmt":"2017-06-20T19:42:51","guid":{"rendered":"https:\/\/www.redenoticia.com.br\/noticia\/?p=115484"},"modified":"2017-06-20T21:15:15","modified_gmt":"2017-06-21T00:15:15","slug":"novela-a-escrava-isaura-resumo-2106-belchior-pede-conselhos-a-sebastiao","status":"publish","type":"post","link":"https:\/\/migracao.redenoticia.com.br\/noticia\/2017\/novela-a-escrava-isaura-resumo-2106-belchior-pede-conselhos-a-sebastiao\/115484","title":{"rendered":"Novela \u201cA Escrava Isaura\u201d resumo 21\/06: Belchior pede conselhos a Sebasti\u00e3o"},"content":{"rendered":"<p> <img loading=\"lazy\" decoding=\"async\" class=\"alignleft size-thumbnail wp-image-103446\" src=\"https:\/\/migracao.redenoticia.com.br\/noticia\/imagens\/a_escrava_isaura_record_novela_resumo-150x112.jpg\" alt=\"\" width=\"150\" height=\"112\" srcset=\"https:\/\/migracao.redenoticia.com.br\/noticia\/imagens\/a_escrava_isaura_record_novela_resumo-150x112.jpg 150w, https:\/\/migracao.redenoticia.com.br\/noticia\/imagens\/a_escrava_isaura_record_novela_resumo-265x198.jpg 265w\" sizes=\"auto, (max-width: 150px) 100vw, 150px\" \/><strong><em>Novela \u201cA Escrava Isaura\u201d resumo 21\/06<\/em><\/strong>: no capitulo 118 (*) da novela \u201cA Escrava Isaura\u201d, quarta-feira, 21 de junho, Isaura emociona-se ao tocar piano para os convidados. Rosa diz a Belchior que vai tentar conquistar \u00c1lvaro. Helena sente saudades de Diogo. Branca decide ir ao sarau de Isaura dizer que est\u00e1 gr\u00e1vida de \u00c1lvaro. Geraldo decide ser o advogado de Malvina na separa\u00e7\u00e3o judicial dela com Le\u00f4ncio. Rosa diz a Gioconda que o seu pai n\u00e3o a ama. Cel. Sebasti\u00e3o passa mal depois de ouvir desaforos de Rosa a seu respeito. Henrique sente ci\u00fames de Aurora com \u00c1lvaro. Belchior pede conselhos ao Cel. Sebasti\u00e3o para conseguir conquistar mulheres. Tom\u00e1sia teme que Le\u00f4ncio apronte algo. Francisco vende a sua arma a Le\u00f4ncio. Tom\u00e1sia e Isaura falam dos seus sofrimentos. Tom\u00e1sia diz-lhe que a sua vingan\u00e7a estar\u00e1 completa quando Le\u00f4ncio estiver atr\u00e1s das grades ou morto.<\/p>\n<p>(*) edi\u00e7\u00e3o da Rede Record, Novela \u201cA Escrava Isaura\u201d, sujeito a altera\u00e7\u00e3o de data e conte\u00fado.<\/p>\n<p>A Escrava Isaura \u00e9 uma telenovela brasileira produzida pela Rede Record de Televis\u00e3o e exibida entre 18 de outubro de 2004 e 29 de abril de 2005, totalizando 167 cap\u00edtulos, 27 a mais que o originalmente previsto. Escrita por Tiago Santiago, Anamaria Nunes com colabora\u00e7\u00e3o de Altenir Silva e dirigida por Herval Rossano, F\u00e1bio Junqueira, Em\u00edlio Di Biasi e Fl\u00e1vio Colatrello Jr., \u00e9 inspirada no romance hom\u00f4nimo de 1875, escrito por Bernardo Guimar\u00e3es. A obra foi um sucesso logo ap\u00f3s ser publicada, em parte pelo apelo feminino em raz\u00e3o do sentimentalismo do enredo. O livro toca em pontos abolicionistas, que eram controversos na \u00e9poca e \u00e9 considerado um marco na literatura abolicionista brasileira.<\/p>\n","protected":false},"excerpt":{"rendered":"<p>Novela \u201cA Escrava Isaura\u201d resumo 21\/06: no capitulo 118 (*) da novela \u201cA Escrava Isaura\u201d, quarta-feira, 21 de junho, Isaura emociona-se ao tocar piano para os convidados. Rosa diz a Belchior que vai tentar conquistar \u00c1lvaro. Helena sente saudades de Diogo. Branca decide ir ao sarau de Isaura dizer que est\u00e1 gr\u00e1vida de \u00c1lvaro. Geraldo [&hellip;]<\/p>\n","protected":false},"author":2,"featured_media":103446,"comment_status":"open","ping_status":"closed","sticky":false,"template":"","format":"standard","meta":{"tdm_status":"","tdm_grid_status":"","footnotes":""},"categories":[379,371,343],"tags":[441],"class_list":{"0":"post-115484","1":"post","2":"type-post","3":"status-publish","4":"format-standard","5":"has-post-thumbnail","7":"category-novelas","8":"category-rede-record","9":"category-televisao","10":"tag-resumo-do-dia"},"_links":{"self":[{"href":"https:\/\/migracao.redenoticia.com.br\/noticia\/wp-json\/wp\/v2\/posts\/115484","targetHints":{"allow":["GET"]}}],"collection":[{"href":"https:\/\/migracao.redenoticia.com.br\/noticia\/wp-json\/wp\/v2\/posts"}],"about":[{"href":"https:\/\/migracao.redenoticia.com.br\/noticia\/wp-json\/wp\/v2\/types\/post"}],"author":[{"embeddable":true,"href":"https:\/\/migracao.redenoticia.com.br\/noticia\/wp-json\/wp\/v2\/users\/2"}],"replies":[{"embeddable":true,"href":"https:\/\/migracao.redenoticia.com.br\/noticia\/wp-json\/wp\/v2\/comments?post=115484"}],"version-history":[{"count":0,"href":"https:\/\/migracao.redenoticia.com.br\/noticia\/wp-json\/wp\/v2\/posts\/115484\/revisions"}],"wp:featuredmedia":[{"embeddable":true,"href":"https:\/\/migracao.redenoticia.com.br\/noticia\/wp-json\/wp\/v2\/media\/103446"}],"wp:attachment":[{"href":"https:\/\/migracao.redenoticia.com.br\/noticia\/wp-json\/wp\/v2\/media?parent=115484"}],"wp:term":[{"taxonomy":"category","embeddable":true,"href":"https:\/\/migracao.redenoticia.com.br\/noticia\/wp-json\/wp\/v2\/categories?post=115484"},{"taxonomy":"post_tag","embeddable":true,"href":"https:\/\/migracao.redenoticia.com.br\/noticia\/wp-json\/wp\/v2\/tags?post=115484"}],"curies":[{"name":"wp","href":"https:\/\/api.w.org\/{rel}","templated":true}]}}