{"id":115488,"date":"2017-06-20T16:44:01","date_gmt":"2017-06-20T19:44:01","guid":{"rendered":"https:\/\/www.redenoticia.com.br\/noticia\/?p=115488"},"modified":"2017-06-21T21:41:20","modified_gmt":"2017-06-22T00:41:20","slug":"novela-o-rico-e-lazaro-resumo-2106-evil-merodaque-vigia-sammu-ramat","status":"publish","type":"post","link":"https:\/\/migracao.redenoticia.com.br\/noticia\/2017\/novela-o-rico-e-lazaro-resumo-2106-evil-merodaque-vigia-sammu-ramat\/115488","title":{"rendered":"Novela \u201cO Rico e L\u00e1zaro\u201d resumo 21\/06: Beroso anuncia que a puni\u00e7\u00e3o de Dalila"},"content":{"rendered":"<p> <img loading=\"lazy\" decoding=\"async\" src=\"https:\/\/migracao.redenoticia.com.br\/noticia\/imagens\/o_rico_e_o_lazaro_resumo_novela_record-150x112.jpg\" alt=\"\" width=\"150\" height=\"112\" class=\"alignleft size-thumbnail wp-image-107948\" srcset=\"https:\/\/migracao.redenoticia.com.br\/noticia\/imagens\/o_rico_e_o_lazaro_resumo_novela_record-150x112.jpg 150w, https:\/\/migracao.redenoticia.com.br\/noticia\/imagens\/o_rico_e_o_lazaro_resumo_novela_record-265x198.jpg 265w\" sizes=\"auto, (max-width: 150px) 100vw, 150px\" \/><strong><em>Novela \u201cO Rico e L\u00e1zaro\u201d resumo 21\/06<\/em><\/strong>: no capitulo 073(*) da novela \u201cO Rico e L\u00e1zaro\u201d, quarta-feira, 21 de junho, Asher salva Lia e Naomi. Asher volta para o alojamento masculino e comenta com Lior sobre o ataque sofrido por Lia. Ebede tenta acalmar Gadise. Daniel pede sigilo nas investiga\u00e7\u00f5es. Evil agradece o apoio do governador. Zelfa pede para Nicolau esquecer as palavras de Fassur. Nabucodonosor condena os guardas que permitiram a entrada de Dalila em seu quarto. Ilana pro\u00edbe Rebeca de visitar Hurzabum. Zac pede para Absalom dizer que errou nos pre\u00e7os dados a Daniel. Matias \u00e9 avisado sobre um chamado do governador. Dalila agradece a ajuda de Sadraque. Mesaque diz que o problema de Raquel pode ser curado com a f\u00e9.<\/p>\n<p>A pedido de Beroso, Zac procura Daniel e avisa que Absalom errou nos pre\u00e7os. Zelfa tranquiliza Tamir e Shamir. Zabaia entrega os ingredientes solicitados por Sammu-Ramat. Neusta \u00e9 inconveniente com Edissa. Sammu afirma que Daniel morrer\u00e1 em breve. Zabaia humilha Hurzabum. No calabou\u00e7o, Shag-Shag grita por socorro. Beroso avisa que enviar\u00e1 Asher para o local da constru\u00e7\u00e3o da est\u00e1tua. <\/p>\n<p>Gadise n\u00e3o gosta do jeito frio de Matias. Ravina avisa que deseja administrar a sinagoga e discute com Fassur. Matias se apresenta no pal\u00e1cio. Ebede avisa que a pretendente de Joaquim est\u00e1 prestes a chegar. Fassur conversa em particular com Oziel. Ilana pergunta por Rebeca. Fassur v\u00ea Joana e fica atormentado. Beroso anuncia que a puni\u00e7\u00e3o de Dalila deve ser a morte por afogamento.<\/p>\n<p>(*) edi\u00e7\u00e3o da Rede Record, Novela \u201cO Rico e L\u00e1zaro\u201d, sujeito a altera\u00e7\u00e3o de data e conte\u00fado.<\/p>\n","protected":false},"excerpt":{"rendered":"<p>Novela \u201cO Rico e L\u00e1zaro\u201d resumo 21\/06: no capitulo 073(*) da novela \u201cO Rico e L\u00e1zaro\u201d, quarta-feira, 21 de junho, Asher salva Lia e Naomi. Asher volta para o alojamento masculino e comenta com Lior sobre o ataque sofrido por Lia. Ebede tenta acalmar Gadise. Daniel pede sigilo nas investiga\u00e7\u00f5es. Evil agradece o apoio do [&hellip;]<\/p>\n","protected":false},"author":2,"featured_media":107948,"comment_status":"open","ping_status":"closed","sticky":false,"template":"","format":"standard","meta":{"tdm_status":"","tdm_grid_status":"","footnotes":""},"categories":[379,371,343],"tags":[441],"class_list":{"0":"post-115488","1":"post","2":"type-post","3":"status-publish","4":"format-standard","5":"has-post-thumbnail","7":"category-novelas","8":"category-rede-record","9":"category-televisao","10":"tag-resumo-do-dia"},"_links":{"self":[{"href":"https:\/\/migracao.redenoticia.com.br\/noticia\/wp-json\/wp\/v2\/posts\/115488","targetHints":{"allow":["GET"]}}],"collection":[{"href":"https:\/\/migracao.redenoticia.com.br\/noticia\/wp-json\/wp\/v2\/posts"}],"about":[{"href":"https:\/\/migracao.redenoticia.com.br\/noticia\/wp-json\/wp\/v2\/types\/post"}],"author":[{"embeddable":true,"href":"https:\/\/migracao.redenoticia.com.br\/noticia\/wp-json\/wp\/v2\/users\/2"}],"replies":[{"embeddable":true,"href":"https:\/\/migracao.redenoticia.com.br\/noticia\/wp-json\/wp\/v2\/comments?post=115488"}],"version-history":[{"count":0,"href":"https:\/\/migracao.redenoticia.com.br\/noticia\/wp-json\/wp\/v2\/posts\/115488\/revisions"}],"wp:featuredmedia":[{"embeddable":true,"href":"https:\/\/migracao.redenoticia.com.br\/noticia\/wp-json\/wp\/v2\/media\/107948"}],"wp:attachment":[{"href":"https:\/\/migracao.redenoticia.com.br\/noticia\/wp-json\/wp\/v2\/media?parent=115488"}],"wp:term":[{"taxonomy":"category","embeddable":true,"href":"https:\/\/migracao.redenoticia.com.br\/noticia\/wp-json\/wp\/v2\/categories?post=115488"},{"taxonomy":"post_tag","embeddable":true,"href":"https:\/\/migracao.redenoticia.com.br\/noticia\/wp-json\/wp\/v2\/tags?post=115488"}],"curies":[{"name":"wp","href":"https:\/\/api.w.org\/{rel}","templated":true}]}}