{"id":115502,"date":"2017-06-20T16:32:22","date_gmt":"2017-06-20T19:32:22","guid":{"rendered":"https:\/\/www.redenoticia.com.br\/noticia\/?p=115502"},"modified":"2017-06-20T13:23:23","modified_gmt":"2017-06-20T16:23:23","slug":"resumo-novela-o-que-a-vida-me-roubou-2106-laurinho-conta-que-conheceu-vitoria","status":"publish","type":"post","link":"https:\/\/migracao.redenoticia.com.br\/noticia\/2017\/resumo-novela-o-que-a-vida-me-roubou-2106-laurinho-conta-que-conheceu-vitoria\/115502","title":{"rendered":"Resumo novela \u201cO Que A Vida Me Roubou\u201d 21\/06: Laurinho conta que conheceu Vit\u00f3ria"},"content":{"rendered":"<p> <img loading=\"lazy\" decoding=\"async\" src=\"https:\/\/migracao.redenoticia.com.br\/noticia\/imagens\/o-que-a-vida-me-roubou-novela-resumo-sbt-150x112.jpg\" alt=\"\" width=\"150\" height=\"112\" class=\"alignleft size-thumbnail wp-image-105656\" srcset=\"https:\/\/migracao.redenoticia.com.br\/noticia\/imagens\/o-que-a-vida-me-roubou-novela-resumo-sbt-150x112.jpg 150w, https:\/\/migracao.redenoticia.com.br\/noticia\/imagens\/o-que-a-vida-me-roubou-novela-resumo-sbt-265x198.jpg 265w\" sizes=\"auto, (max-width: 150px) 100vw, 150px\" \/><strong><em>Resumo novela \u201cO Que A Vida Me Roubou\u201d 21\/06<\/em><\/strong>: no cap\u00edtulo 103(*) da novela \u201cO Que A Vida Me Roubou\u201d, resumo de quarta-feira, 21 de junho, Ros\u00e1rio pede a Laurinho que conte a Montserrat como foi o seu primeiro encontro com Vit\u00f3ria. Montserrat fica surpreendida e diz a Ros\u00e1rio que Alessandro pode estar vivo. Mac\u00e1rio e Dominga falam da visita de Alessandro e V\u00edtor \u00e0 cafetaria. Graziela procura Mac\u00e1rio para saber o porqu\u00ea de n\u00e3o lhe ter contado que a sua filha estava viva e que pode ser Fab\u00edola. Maria vai a casa de Ezequiel, mas \u00e9 Carlota que abre a porta. Maria diz-lhe que quer falar com o seu marido e Ezequiel pede a Carlota que n\u00e3o acredite em nada do que Maria diz. No escrit\u00f3rio, Ezequiel acaba por agarrar Maria pelo pesco\u00e7o e avisa-a que n\u00e3o conte nada sobre eles, mas ela explica que s\u00f3 est\u00e1 interessada no testamento do pai de Alessandro.<\/p>\n<p>(*) edi\u00e7\u00e3o do SBT, Novela \u201cO Que A Vida Me Roubou\u201d, sujeito a altera\u00e7\u00e3o de data e conte\u00fado.<\/p>\n<p>Lo que la vida me rob\u00f3 (no Brasil, O Que a Vida Me Roubou) \u00e9 uma telenovela mexicana produzida por Angelli Nesma Medina para Televisa e exibida pelo Canal de las Estrellas entre 28 de outubro de 2013 e 27 de julho de 2014 em 196 cap\u00edtulos, substituindo La tempestad e sendo substitu\u00edda por Hasta el fin del mundo. A original \u00e9 de Caridad Bravo Adams, sendo esta um remake modernizado das novelas Bodas de odio e Amor real, produzidas em 1983 e 2003, respectivamente. Tem Angelique Boyer, Sebasti\u00e1n Rulli, Luis Roberto Guzm\u00e1n, Daniela Castro, Grettell Vald\u00e9z, Sergio Sendel e Lisset nos papeis principais.<\/p>\n","protected":false},"excerpt":{"rendered":"<p>Resumo novela \u201cO Que A Vida Me Roubou\u201d 21\/06: no cap\u00edtulo 103(*) da novela \u201cO Que A Vida Me Roubou\u201d, resumo de quarta-feira, 21 de junho, Ros\u00e1rio pede a Laurinho que conte a Montserrat como foi o seu primeiro encontro com Vit\u00f3ria. Montserrat fica surpreendida e diz a Ros\u00e1rio que Alessandro pode estar vivo. Mac\u00e1rio [&hellip;]<\/p>\n","protected":false},"author":2,"featured_media":105656,"comment_status":"open","ping_status":"closed","sticky":false,"template":"","format":"standard","meta":{"tdm_status":"","tdm_grid_status":"","footnotes":""},"categories":[379,372,343],"tags":[441],"class_list":{"0":"post-115502","1":"post","2":"type-post","3":"status-publish","4":"format-standard","5":"has-post-thumbnail","7":"category-novelas","8":"category-sbt","9":"category-televisao","10":"tag-resumo-do-dia"},"_links":{"self":[{"href":"https:\/\/migracao.redenoticia.com.br\/noticia\/wp-json\/wp\/v2\/posts\/115502","targetHints":{"allow":["GET"]}}],"collection":[{"href":"https:\/\/migracao.redenoticia.com.br\/noticia\/wp-json\/wp\/v2\/posts"}],"about":[{"href":"https:\/\/migracao.redenoticia.com.br\/noticia\/wp-json\/wp\/v2\/types\/post"}],"author":[{"embeddable":true,"href":"https:\/\/migracao.redenoticia.com.br\/noticia\/wp-json\/wp\/v2\/users\/2"}],"replies":[{"embeddable":true,"href":"https:\/\/migracao.redenoticia.com.br\/noticia\/wp-json\/wp\/v2\/comments?post=115502"}],"version-history":[{"count":0,"href":"https:\/\/migracao.redenoticia.com.br\/noticia\/wp-json\/wp\/v2\/posts\/115502\/revisions"}],"wp:featuredmedia":[{"embeddable":true,"href":"https:\/\/migracao.redenoticia.com.br\/noticia\/wp-json\/wp\/v2\/media\/105656"}],"wp:attachment":[{"href":"https:\/\/migracao.redenoticia.com.br\/noticia\/wp-json\/wp\/v2\/media?parent=115502"}],"wp:term":[{"taxonomy":"category","embeddable":true,"href":"https:\/\/migracao.redenoticia.com.br\/noticia\/wp-json\/wp\/v2\/categories?post=115502"},{"taxonomy":"post_tag","embeddable":true,"href":"https:\/\/migracao.redenoticia.com.br\/noticia\/wp-json\/wp\/v2\/tags?post=115502"}],"curies":[{"name":"wp","href":"https:\/\/api.w.org\/{rel}","templated":true}]}}