{"id":115504,"date":"2017-06-20T16:33:34","date_gmt":"2017-06-20T19:33:34","guid":{"rendered":"https:\/\/www.redenoticia.com.br\/noticia\/?p=115504"},"modified":"2017-06-20T13:24:40","modified_gmt":"2017-06-20T16:24:40","slug":"resumo-novela-carinha-de-anjo-2106-dulce-cai-na-armadilha-de-frida-e-barbara","status":"publish","type":"post","link":"https:\/\/migracao.redenoticia.com.br\/noticia\/2017\/resumo-novela-carinha-de-anjo-2106-dulce-cai-na-armadilha-de-frida-e-barbara\/115504","title":{"rendered":"Resumo novela \u201cCarinha de Anjo\u201d 21\/06: Dulce cai na armadilha de Frida e B\u00e1rbara"},"content":{"rendered":"<p> <img loading=\"lazy\" decoding=\"async\" class=\"alignleft size-thumbnail wp-image-99331\" src=\"https:\/\/migracao.redenoticia.com.br\/noticia\/imagens\/carinha_de_anjo_sbt_novela_resumo_capitulo-150x112.jpg\" alt=\"carinha_de_anjo_sbt_novela_resumo_capitulo\" width=\"150\" height=\"112\" srcset=\"https:\/\/migracao.redenoticia.com.br\/noticia\/imagens\/carinha_de_anjo_sbt_novela_resumo_capitulo-150x112.jpg 150w, https:\/\/migracao.redenoticia.com.br\/noticia\/imagens\/carinha_de_anjo_sbt_novela_resumo_capitulo-265x198.jpg 265w\" sizes=\"auto, (max-width: 150px) 100vw, 150px\" \/><strong><em>Resumo novela \u201cCarinha de Anjo\u201d 21\/06<\/em><\/strong>: no cap\u00edtulo 153(*) da novela \u201cCarinha de Anjo\u201d, resumo de quarta-feira, 21 de junho, Gustavo n\u00e3o aceita o pedido de demiss\u00e3o da secret\u00e1ria Ver\u00f4nica, pede para que ela fique na empresa e garante que exigira que Nicole pe\u00e7a desculpa. Silvana chega na empresa e v\u00ea Gustavo de m\u00e3os dadas com Ver\u00f4nica. Dulce Maria mostra para Fabiana e Cec\u00edlia a pintura que fez com ajuda das amigas na sala da Madre Superiora. As novi\u00e7as ficam chocadas ao ver a bagun\u00e7a e pintura borrada na parede. A pequenina revela que soube que esse era um sonho da Madre atrav\u00e9s da B\u00e1rbara e da Frida. <\/p>\n<p>Fabiana e Cec\u00edlia contam que Dulce caiu em mais uma armadilha de Frida e B\u00e1rbara. Rosana deixa na delegacia um retrato seu em um triciclo de surpresa para Peixoto. Ribeiro v\u00ea a encomenda e abre sem que Peixoto veja. O policial percebe que agiu errado e tenta esconder a encomenda antes que o delegado descubra o que ele fez. Cec\u00edlia telefona para Gustavo e com a ajuda de Dulce Maria pede para que ela v\u00e1 ao col\u00e9gio com urg\u00eancia. <\/p>\n<p>Fabiana solicita a ajuda de In\u00e1cio para que a irm\u00e3 Luzia n\u00e3o entre na sala da Madre Superiora. Estef\u00e2nia tamb\u00e9m vai ao col\u00e9gio para mostrar o vestido de dama de honra para a sobrinha provar. Peixoto v\u00ea o retrato de Rosana na parede de sua sala na delegacia. Fabiana conta para Estef\u00e2nia o que aconteceu no col\u00e9gio e que precisar\u00e1 da ajuda dela. Tia Perucas fica em choque ao ver a \u201cobra de arte\u201d de Dulce Maria. Gustavo tamb\u00e9m chega ao col\u00e9gio.<\/p>\n<p>(*) edi\u00e7\u00e3o do SBT, Novela \u201cCarinha de Anjo\u201d, sujeito a altera\u00e7\u00e3o de data e conte\u00fado.<\/p>\n<p>Carinha de Anjo \u00e9 uma telenovela brasileira produzida e exibida originalmente pelo SBT desde o dia 21 de novembro de 2016, substituindo o hor\u00e1rio anteriormente ocupado por C\u00famplices de um Resgate. A telenovela \u00e9 inspirada na mexicana Carita de \u00e1ngel, que, por sua vez, \u00e9 um remake de Mundo de juguete, ambas produzidas pela Televisa e que haviam sido baseadas na trama argentina escrita por Abel Santa Cruz, Pap\u00e1 coraz\u00f3n. Esta ser\u00e1 a segunda adapta\u00e7\u00e3o brasileira da obra original argentina, visto que a Rede Tupi apresentou em 1976 a sua primeira vers\u00e3o, chamada de Papai Cora\u00e7\u00e3o. A nova vers\u00e3o \u00e9 escrita por Leonor Corr\u00eaa, com supervis\u00e3o de \u00cdris Abravanel e dire\u00e7\u00e3o geral de Ricardo Mantoanelli. A trama conta com Lorena Queiroz, Bia Arantes, Carlo Porto, Priscila Sol, Dani Gondim, Karin Hils, Eliana Guttman e Lucero nos pap\u00e9is principais.<\/p>\n","protected":false},"excerpt":{"rendered":"<p>Resumo novela \u201cCarinha de Anjo\u201d 21\/06: no cap\u00edtulo 153(*) da novela \u201cCarinha de Anjo\u201d, resumo de quarta-feira, 21 de junho, Gustavo n\u00e3o aceita o pedido de demiss\u00e3o da secret\u00e1ria Ver\u00f4nica, pede para que ela fique na empresa e garante que exigira que Nicole pe\u00e7a desculpa. Silvana chega na empresa e v\u00ea Gustavo de m\u00e3os dadas [&hellip;]<\/p>\n","protected":false},"author":2,"featured_media":99331,"comment_status":"open","ping_status":"closed","sticky":false,"template":"","format":"standard","meta":{"tdm_status":"","tdm_grid_status":"","footnotes":""},"categories":[452,379,372,343],"tags":[441],"class_list":{"0":"post-115504","1":"post","2":"type-post","3":"status-publish","4":"format-standard","5":"has-post-thumbnail","7":"category-carinha-de-anjo","8":"category-novelas","9":"category-sbt","10":"category-televisao","11":"tag-resumo-do-dia"},"_links":{"self":[{"href":"https:\/\/migracao.redenoticia.com.br\/noticia\/wp-json\/wp\/v2\/posts\/115504","targetHints":{"allow":["GET"]}}],"collection":[{"href":"https:\/\/migracao.redenoticia.com.br\/noticia\/wp-json\/wp\/v2\/posts"}],"about":[{"href":"https:\/\/migracao.redenoticia.com.br\/noticia\/wp-json\/wp\/v2\/types\/post"}],"author":[{"embeddable":true,"href":"https:\/\/migracao.redenoticia.com.br\/noticia\/wp-json\/wp\/v2\/users\/2"}],"replies":[{"embeddable":true,"href":"https:\/\/migracao.redenoticia.com.br\/noticia\/wp-json\/wp\/v2\/comments?post=115504"}],"version-history":[{"count":0,"href":"https:\/\/migracao.redenoticia.com.br\/noticia\/wp-json\/wp\/v2\/posts\/115504\/revisions"}],"wp:featuredmedia":[{"embeddable":true,"href":"https:\/\/migracao.redenoticia.com.br\/noticia\/wp-json\/wp\/v2\/media\/99331"}],"wp:attachment":[{"href":"https:\/\/migracao.redenoticia.com.br\/noticia\/wp-json\/wp\/v2\/media?parent=115504"}],"wp:term":[{"taxonomy":"category","embeddable":true,"href":"https:\/\/migracao.redenoticia.com.br\/noticia\/wp-json\/wp\/v2\/categories?post=115504"},{"taxonomy":"post_tag","embeddable":true,"href":"https:\/\/migracao.redenoticia.com.br\/noticia\/wp-json\/wp\/v2\/tags?post=115504"}],"curies":[{"name":"wp","href":"https:\/\/api.w.org\/{rel}","templated":true}]}}