{"id":115512,"date":"2017-06-20T16:37:45","date_gmt":"2017-06-20T19:37:45","guid":{"rendered":"https:\/\/www.redenoticia.com.br\/noticia\/?p=115512"},"modified":"2017-06-20T13:30:02","modified_gmt":"2017-06-20T16:30:02","slug":"resumo-novela-novo-mundo-2106-hugo-leva-quinzinho-para-visitar-joaquim","status":"publish","type":"post","link":"https:\/\/migracao.redenoticia.com.br\/noticia\/2017\/resumo-novela-novo-mundo-2106-hugo-leva-quinzinho-para-visitar-joaquim\/115512","title":{"rendered":"Resumo novela \u201cNovo Mundo\u201d 21\/06: Hugo leva Quinzinho para visitar Joaquim"},"content":{"rendered":"<p> <img loading=\"lazy\" decoding=\"async\" class=\"alignleft size-thumbnail wp-image-107950\" src=\"https:\/\/migracao.redenoticia.com.br\/noticia\/imagens\/novo_mundo_novela_resumo_globo-150x112.jpg\" alt=\"\" width=\"150\" height=\"112\" srcset=\"https:\/\/migracao.redenoticia.com.br\/noticia\/imagens\/novo_mundo_novela_resumo_globo-150x112.jpg 150w, https:\/\/migracao.redenoticia.com.br\/noticia\/imagens\/novo_mundo_novela_resumo_globo-265x198.jpg 265w\" sizes=\"auto, (max-width: 150px) 100vw, 150px\" \/><strong><em>Resumo novela \u201cNovo Mundo\u201d 21\/06<\/em><\/strong>: no cap\u00edtulo 079(*) da novela \u201cNovo Mundo\u201d, resumo de quarta-feira, 21 de junho, Jacinto deixa o caix\u00e3o no cemit\u00e9rio e vai embora. Bonif\u00e1cio afirma que Joaquim \u00e9 inocente. Anna pensa em fugir e pede a ajuda de Liu. Jacinto chega a um esconderijo. Dom Pedro afirma que n\u00e3o pode ajudar Joaquim. Narcisa insiste para que Leopoldina v\u00e1 com ela at\u00e9 o Solar e Dalva tem uma ideia para impedir a visita. Hugo cuida de Quinzinho. Licurgo e Germana pensam em saquear a casa de Elvira. Thomas n\u00e3o gosta de saber que Liu saiu de casa sem a sua permiss\u00e3o. Matias decide ajudar Cec\u00edlia. Domitila seduz Dom Pedro. Hugo leva Quinzinho para visitar Joaquim. Tibiri\u00e7\u00e1 vai com Piat\u00e3 ao local onde ele precisa ficar para se tornar Paj\u00e9 e Jacira se aflige. Anna tenta fugir com a ajuda de Liu, mas Thomas a impede.<\/p>\n<p>(*) edi\u00e7\u00e3o da Rede Globo, Novela \u201cNovo Mundo\u201d, sujeito a altera\u00e7\u00e3o de data e conte\u00fado.<\/p>\n<p>Novo Mundo \u00e9 uma telenovela brasileira produzida pela Rede Globo. Escrita por Thereza Falc\u00e3o e Alessandro Marson, conta com dire\u00e7\u00e3o art\u00edstica de Vin\u00edcius Coimbra. Conta com as participa\u00e7\u00f5es de Isabelle Drummond, Chay Suede, Caio Castro, Let\u00edcia Colin, Leo Jaime, D\u00e9bora Olivieri, Rodrigo Simas, Giullia Buscacio, Vivianne Pasmanter, Guilherme Piva, R\u00f4mulo Estrela, Agatha Moreira, Luisa Micheletti, Gabriel Braga Nunes, e Ingrid Guimar\u00e3es.<\/p>\n","protected":false},"excerpt":{"rendered":"<p>Resumo novela \u201cNovo Mundo\u201d 21\/06: no cap\u00edtulo 079(*) da novela \u201cNovo Mundo\u201d, resumo de quarta-feira, 21 de junho, Jacinto deixa o caix\u00e3o no cemit\u00e9rio e vai embora. Bonif\u00e1cio afirma que Joaquim \u00e9 inocente. Anna pensa em fugir e pede a ajuda de Liu. Jacinto chega a um esconderijo. Dom Pedro afirma que n\u00e3o pode ajudar [&hellip;]<\/p>\n","protected":false},"author":2,"featured_media":109552,"comment_status":"open","ping_status":"closed","sticky":false,"template":"","format":"standard","meta":{"tdm_status":"","tdm_grid_status":"","footnotes":""},"categories":[379,375,343],"tags":[441],"class_list":{"0":"post-115512","1":"post","2":"type-post","3":"status-publish","4":"format-standard","5":"has-post-thumbnail","7":"category-novelas","8":"category-rede-globo","9":"category-televisao","10":"tag-resumo-do-dia"},"_links":{"self":[{"href":"https:\/\/migracao.redenoticia.com.br\/noticia\/wp-json\/wp\/v2\/posts\/115512","targetHints":{"allow":["GET"]}}],"collection":[{"href":"https:\/\/migracao.redenoticia.com.br\/noticia\/wp-json\/wp\/v2\/posts"}],"about":[{"href":"https:\/\/migracao.redenoticia.com.br\/noticia\/wp-json\/wp\/v2\/types\/post"}],"author":[{"embeddable":true,"href":"https:\/\/migracao.redenoticia.com.br\/noticia\/wp-json\/wp\/v2\/users\/2"}],"replies":[{"embeddable":true,"href":"https:\/\/migracao.redenoticia.com.br\/noticia\/wp-json\/wp\/v2\/comments?post=115512"}],"version-history":[{"count":0,"href":"https:\/\/migracao.redenoticia.com.br\/noticia\/wp-json\/wp\/v2\/posts\/115512\/revisions"}],"wp:featuredmedia":[{"embeddable":true,"href":"https:\/\/migracao.redenoticia.com.br\/noticia\/wp-json\/wp\/v2\/media\/109552"}],"wp:attachment":[{"href":"https:\/\/migracao.redenoticia.com.br\/noticia\/wp-json\/wp\/v2\/media?parent=115512"}],"wp:term":[{"taxonomy":"category","embeddable":true,"href":"https:\/\/migracao.redenoticia.com.br\/noticia\/wp-json\/wp\/v2\/categories?post=115512"},{"taxonomy":"post_tag","embeddable":true,"href":"https:\/\/migracao.redenoticia.com.br\/noticia\/wp-json\/wp\/v2\/tags?post=115512"}],"curies":[{"name":"wp","href":"https:\/\/api.w.org\/{rel}","templated":true}]}}