{"id":115524,"date":"2017-06-21T00:05:57","date_gmt":"2017-06-21T03:05:57","guid":{"rendered":"https:\/\/www.redenoticia.com.br\/noticia\/?p=115524"},"modified":"2017-06-20T13:45:05","modified_gmt":"2017-06-20T16:45:05","slug":"treinamento-tecnico-em-neurociencia-computacional-com-bolsa-da-fapesp","status":"publish","type":"post","link":"https:\/\/migracao.redenoticia.com.br\/noticia\/2017\/treinamento-tecnico-em-neurociencia-computacional-com-bolsa-da-fapesp\/115524","title":{"rendered":"Treinamento T\u00e9cnico em Neuroci\u00eancia Computacional com Bolsa da FAPESP"},"content":{"rendered":"<p> Ag\u00eancia FAPESP \u2013 O Centro de Matem\u00e1tica, Computa\u00e7\u00e3o e Cogni\u00e7\u00e3o (CMCC) da Universidade Federal do ABC (UFABC) oferece uma oportunidade de <strong><em>Treinamento T\u00e9cnico<\/em><\/strong> (TT-3) em Neuroci\u00eancia Computacional, com Bolsa da FAPESP. O prazo de inscri\u00e7\u00e3o termina em 30 de junho de 2017. A bolsa est\u00e1 vinculada ao projeto \u201c\u201d, apoiado pela FAPESP e IBM Brasil.<\/p>\n<p>O projeto \u00e9 desenvolvido no \u00e2mbito do Programa Parceira para a Inova\u00e7\u00e3o Tecnol\u00f3gica (PITE) e tem como\u00a0objetivo desenvolver um modelo de rede neural com neur\u00f4nios espelho para o reconhecimento de verbos.<\/p>\n<p>Os candidatos devem ter gradua\u00e7\u00e3o de n\u00edvel superior, sem reprova\u00e7\u00f5es em seu hist\u00f3rico escolar, e estar aptos a desenvolver modelos computacionais utilizando os softwares Matlab e neurosimulador NEURON.<\/p>\n<p>Os interessados devem enviar curr\u00edculo vitae, carta de apresenta\u00e7\u00e3o indicando a raz\u00e3o de interesse na bolsa, com um breve relato de sua experi\u00eancia pr\u00e9via para F\u00e1bio Marques Sim\u00f5es de Souza, pesquisador respons\u00e1vel pelo projeto, no endere\u00e7o fabio.souza@ufabc.edu.br.<\/p>\n<p>A Bolsa de TT-III tem valor de R$ 1.136,40.\u00a0A oportunidade est\u00e1 publicada em .<\/p>\n<p>Para mais informa\u00e7\u00f5es sobre as bolsas de Treinamento T\u00e9cnico acesse  e .<\/p>\n<p>Outras vagas de bolsas, em diversas \u00e1reas do conhecimento, est\u00e3o no site FAPESP-Oportunidades, em <\/p>\n","protected":false},"excerpt":{"rendered":"<p>Ag\u00eancia FAPESP \u2013 O Centro de Matem\u00e1tica, Computa\u00e7\u00e3o e Cogni\u00e7\u00e3o (CMCC) da Universidade Federal do ABC (UFABC) oferece uma oportunidade de Treinamento T\u00e9cnico (TT-3) em Neuroci\u00eancia Computacional, com Bolsa da FAPESP. O prazo de inscri\u00e7\u00e3o termina em 30 de junho de 2017. A bolsa est\u00e1 vinculada ao projeto \u201c\u201d, apoiado pela FAPESP e IBM Brasil. [&hellip;]<\/p>\n","protected":false},"author":2,"featured_media":37419,"comment_status":"open","ping_status":"closed","sticky":false,"template":"","format":"standard","meta":{"tdm_status":"","tdm_grid_status":"","footnotes":""},"categories":[22,351,370],"tags":[],"class_list":{"0":"post-115524","1":"post","2":"type-post","3":"status-publish","4":"format-standard","5":"has-post-thumbnail","7":"category-brasil","8":"category-cursos","9":"category-inscricao"},"_links":{"self":[{"href":"https:\/\/migracao.redenoticia.com.br\/noticia\/wp-json\/wp\/v2\/posts\/115524","targetHints":{"allow":["GET"]}}],"collection":[{"href":"https:\/\/migracao.redenoticia.com.br\/noticia\/wp-json\/wp\/v2\/posts"}],"about":[{"href":"https:\/\/migracao.redenoticia.com.br\/noticia\/wp-json\/wp\/v2\/types\/post"}],"author":[{"embeddable":true,"href":"https:\/\/migracao.redenoticia.com.br\/noticia\/wp-json\/wp\/v2\/users\/2"}],"replies":[{"embeddable":true,"href":"https:\/\/migracao.redenoticia.com.br\/noticia\/wp-json\/wp\/v2\/comments?post=115524"}],"version-history":[{"count":0,"href":"https:\/\/migracao.redenoticia.com.br\/noticia\/wp-json\/wp\/v2\/posts\/115524\/revisions"}],"wp:featuredmedia":[{"embeddable":true,"href":"https:\/\/migracao.redenoticia.com.br\/noticia\/wp-json\/wp\/v2\/media\/37419"}],"wp:attachment":[{"href":"https:\/\/migracao.redenoticia.com.br\/noticia\/wp-json\/wp\/v2\/media?parent=115524"}],"wp:term":[{"taxonomy":"category","embeddable":true,"href":"https:\/\/migracao.redenoticia.com.br\/noticia\/wp-json\/wp\/v2\/categories?post=115524"},{"taxonomy":"post_tag","embeddable":true,"href":"https:\/\/migracao.redenoticia.com.br\/noticia\/wp-json\/wp\/v2\/tags?post=115524"}],"curies":[{"name":"wp","href":"https:\/\/api.w.org\/{rel}","templated":true}]}}