{"id":115546,"date":"2017-06-21T16:38:09","date_gmt":"2017-06-21T19:38:09","guid":{"rendered":"https:\/\/www.redenoticia.com.br\/noticia\/?p=115546"},"modified":"2017-06-22T16:08:52","modified_gmt":"2017-06-22T19:08:52","slug":"novela-ribeirao-do-tempo-resumo-2206-arminda-briga-com-diana","status":"publish","type":"post","link":"https:\/\/migracao.redenoticia.com.br\/noticia\/2017\/novela-ribeirao-do-tempo-resumo-2206-arminda-briga-com-diana\/115546","title":{"rendered":"Novela \u201cRibeir\u00e3o do Tempo\u201d resumo 22\/06: Sancha e Romeu amea\u00e7am Tito"},"content":{"rendered":"<p> <img loading=\"lazy\" decoding=\"async\" src=\"https:\/\/migracao.redenoticia.com.br\/noticia\/imagens\/ribeirao_do_tempo_novela_record_resumo-150x112.jpg\" alt=\"\" width=\"150\" height=\"112\" class=\"alignleft size-thumbnail wp-image-108265\" srcset=\"https:\/\/migracao.redenoticia.com.br\/noticia\/imagens\/ribeirao_do_tempo_novela_record_resumo-150x112.jpg 150w, https:\/\/migracao.redenoticia.com.br\/noticia\/imagens\/ribeirao_do_tempo_novela_record_resumo-265x198.jpg 265w\" sizes=\"auto, (max-width: 150px) 100vw, 150px\" \/><strong><em>Novela \u201cRibeir\u00e3o do Tempo\u201d resumo 22\/06<\/em><\/strong>: no capitulo 078 (*) da novela \u201cRibeir\u00e3o do Tempo\u201d, quinta-feira, 22 de junho, Clor\u00eds vai at\u00e9 o casar\u00e3o de Flores e F\u00e1tima diz a ela que quem est\u00e1 em casa \u00e9 o irm\u00e3o do professor. Carlos cumprimenta Guilherme, que o ignora. Carlos perde a paci\u00eancia e acaba agredindo Guilherme. Diana tenta controlar os dois, mas \u00e9 o inspetor da escola que separa a briga. Diana leva Guilherme para o solar e cuida dele. Carlos fala para Zuleide que quem chamar o pai dele de assassino vai apanhar. Carlos chora, desolado. Flores pede para L\u00e9ia manter o relacionamento deles em segredo. O professor liga para Clor\u00eds e explica que tem uma rela\u00e7\u00e3o dif\u00edcil com o irm\u00e3o, mas conta que ele insiste em visit\u00e1-lo. <\/p>\n<p>Sancha e Romeu avisam a Tito que eles v\u00e3o querer saber se ele est\u00e1 fazendo Fil\u00f3 feliz. Virg\u00edlio conta a Nasinho que Tito recusou a proposta por que vai se casar com uma milion\u00e1ria. Ellen fica sabendo que Guilherme brigou com Carlos e se preocupa. Filomena e Tito v\u00e3o ao banco para resolver a quest\u00e3o do empr\u00e9stimo. Bruno fala para Teixeira que ele tem que fazer alguma coisa para impedir o casamento de Fil\u00f3 e Tito e a candidatura de Quer\u00eancio. <\/p>\n<p>Nasinho diz a Nicolau que ele precisa impedir o casamento de Tito. O gerente do banco exige um documento com a concord\u00e2ncia expressa de Quer\u00eancio para autorizar o empr\u00e9stimo. Flores fala para Nicolau que vai tentar convencer Quer\u00eancio a n\u00e3o aceitar o casamento da filha. Diana conta a Joca que Arminda vai se casar com o senador. O detetive fica arrasado. Filomena garante a Tito que Quer\u00eancio n\u00e3o vai se negar a aceitar o documento. Nicolau convida Quer\u00eancio oficialmente para candidatar-se a prefeito de Ribeir\u00e3o. Nicolau avisa a Quer\u00eancio que Flores quer conversar com ele e aconselha o pintor a n\u00e3o falar com ningu\u00e9m antes de ter esse papo com o professor. <\/p>\n<p>(*) edi\u00e7\u00e3o da Rede Record, Novela \u201cRibeir\u00e3o do Tempo\u201d, sujeito a altera\u00e7\u00e3o de data e conte\u00fado.<\/p>\n","protected":false},"excerpt":{"rendered":"<p>Novela \u201cRibeir\u00e3o do Tempo\u201d resumo 22\/06: no capitulo 078 (*) da novela \u201cRibeir\u00e3o do Tempo\u201d, quinta-feira, 22 de junho, Clor\u00eds vai at\u00e9 o casar\u00e3o de Flores e F\u00e1tima diz a ela que quem est\u00e1 em casa \u00e9 o irm\u00e3o do professor. Carlos cumprimenta Guilherme, que o ignora. Carlos perde a paci\u00eancia e acaba agredindo Guilherme. [&hellip;]<\/p>\n","protected":false},"author":2,"featured_media":108265,"comment_status":"open","ping_status":"closed","sticky":false,"template":"","format":"standard","meta":{"tdm_status":"","tdm_grid_status":"","footnotes":""},"categories":[379,371,343],"tags":[441],"class_list":{"0":"post-115546","1":"post","2":"type-post","3":"status-publish","4":"format-standard","5":"has-post-thumbnail","7":"category-novelas","8":"category-rede-record","9":"category-televisao","10":"tag-resumo-do-dia"},"_links":{"self":[{"href":"https:\/\/migracao.redenoticia.com.br\/noticia\/wp-json\/wp\/v2\/posts\/115546","targetHints":{"allow":["GET"]}}],"collection":[{"href":"https:\/\/migracao.redenoticia.com.br\/noticia\/wp-json\/wp\/v2\/posts"}],"about":[{"href":"https:\/\/migracao.redenoticia.com.br\/noticia\/wp-json\/wp\/v2\/types\/post"}],"author":[{"embeddable":true,"href":"https:\/\/migracao.redenoticia.com.br\/noticia\/wp-json\/wp\/v2\/users\/2"}],"replies":[{"embeddable":true,"href":"https:\/\/migracao.redenoticia.com.br\/noticia\/wp-json\/wp\/v2\/comments?post=115546"}],"version-history":[{"count":0,"href":"https:\/\/migracao.redenoticia.com.br\/noticia\/wp-json\/wp\/v2\/posts\/115546\/revisions"}],"wp:featuredmedia":[{"embeddable":true,"href":"https:\/\/migracao.redenoticia.com.br\/noticia\/wp-json\/wp\/v2\/media\/108265"}],"wp:attachment":[{"href":"https:\/\/migracao.redenoticia.com.br\/noticia\/wp-json\/wp\/v2\/media?parent=115546"}],"wp:term":[{"taxonomy":"category","embeddable":true,"href":"https:\/\/migracao.redenoticia.com.br\/noticia\/wp-json\/wp\/v2\/categories?post=115546"},{"taxonomy":"post_tag","embeddable":true,"href":"https:\/\/migracao.redenoticia.com.br\/noticia\/wp-json\/wp\/v2\/tags?post=115546"}],"curies":[{"name":"wp","href":"https:\/\/api.w.org\/{rel}","templated":true}]}}