{"id":115591,"date":"2017-06-21T16:28:32","date_gmt":"2017-06-21T19:28:32","guid":{"rendered":"https:\/\/www.redenoticia.com.br\/noticia\/?p=115591"},"modified":"2017-06-21T14:29:36","modified_gmt":"2017-06-21T17:29:36","slug":"resumo-novela-o-que-a-vida-me-roubou-2206-montserrat-e-alessandro-se-encontram","status":"publish","type":"post","link":"https:\/\/migracao.redenoticia.com.br\/noticia\/2017\/resumo-novela-o-que-a-vida-me-roubou-2206-montserrat-e-alessandro-se-encontram\/115591","title":{"rendered":"Resumo novela \u201cO Que A Vida Me Roubou\u201d 22\/06: Montserrat e Alessandro se encontram"},"content":{"rendered":"<p><img loading=\"lazy\" decoding=\"async\" src=\"https:\/\/migracao.redenoticia.com.br\/noticia\/imagens\/o-que-a-vida-me-roubou-novela-resumo-sbt-150x112.jpg\" alt=\"\" width=\"150\" height=\"112\" class=\"alignleft size-thumbnail wp-image-105656\" srcset=\"https:\/\/migracao.redenoticia.com.br\/noticia\/imagens\/o-que-a-vida-me-roubou-novela-resumo-sbt-150x112.jpg 150w, https:\/\/migracao.redenoticia.com.br\/noticia\/imagens\/o-que-a-vida-me-roubou-novela-resumo-sbt-265x198.jpg 265w\" sizes=\"auto, (max-width: 150px) 100vw, 150px\" \/><strong><em>Resumo novela \u201cO Que A Vida Me Roubou\u201d 22\/06<\/em><\/strong>: no cap\u00edtulo 104(*) da novela \u201cO Que A Vida Me Roubou\u201d, resumo de quinta-feira, 22 de junho, Pedro diz a Jos\u00e9 Lu\u00eds, de forma sarc\u00e1stica, que, se ele n\u00e3o contou a Montserrat que Alessandro est\u00e1 em coma, N\u00e1dia ir\u00e1 faz\u00ea-lo. Na mans\u00e3o Mendon\u00e7a, Carlota fica pr\u00f3xima \u00e0 porta do escrit\u00f3rio de Ezequiel para escutar a conversa entre ele e Maria, pois ficou intrigada por Maria ter amea\u00e7ado seu marido. Graziela a surpreende escutando atr\u00e1s da porta e a repreende. Montserrat e Jos\u00e9 Luis voltam a sua casa e ela diz que se emocionou muito ao reencontrar sua amiga, e que isso a deu esperan\u00e7a de que Alessandro tamb\u00e9m esteja vivo. Ela pede a Jos\u00e9 que n\u00e3o a deixe s\u00f3. Jos\u00e9 Luis a beija e sai. Am\u00e9lia fica surpresa de que Graziela a tenha chamado para conversar depois de uma discuss\u00e3o. Graziela responde que precisa que ela a entenda, pois \u00e9 muito orgulhosa mesmo. Graziela pergunta a Am\u00e9lia se n\u00e3o comentou com ningu\u00e9m sobre sua filhinha, Am\u00e9lia responde que n\u00e3o, pois prometeu guardar segredo, e jamais seria capaz de comentar isso com ningu\u00e9m, Graziela chora e Am\u00e9lia a aconselha a resignar-se, j\u00e1 que sua filha est\u00e1 morta. Fabiola diz a Pedro que j\u00e1 sabe que ele expulsou Am\u00e9lia de sua casa para receber sua esposa Nadia, e que se ela foi capaz de sobreviver, Alessandro tamb\u00e9m pode estar vivo. Pedro responde que Alessandro est\u00e1 morto e que n\u00e3o tem porque preocupar-se. Adolfo se surpreende e diz a Maria que n\u00e3o pode crer que ela tenha recuperado o testamento de Alessandro, mas que ela deve ter muito cuidado, pois se transformou em uma pessoa \u201cincomoda\u201d para Ezequiel. Maria o responde que j\u00e1 provou n\u00e3o ter medo de nada. Ros\u00e1rio pede a Montserrat que fique muito bonita, pois tem um compromisso com sua tia Carlota. Montserrat entra na igreja e se surpreende ao ver Alessandro. Eles se abra\u00e7am, chorando. Ros\u00e1rio se preocupa ao ver frente a ela Jos\u00e9 Luis, que a pergunta por Montserrat. Nervosa, ela responde que n\u00e3o viu a jovem. Montserrat, chorando, abra\u00e7a Alessandro e o recrimina por ter ido sem ela. Alessandro diz que esclarecera tudo com ela. Josefina diz a Adolfo que ele segue sendo o mesmo de sempre. Quando ele diz estar apaixonado por ela, Josefina n\u00e3o acredita. Adolfo concorda que ela n\u00e3o tenha uma boa opini\u00e3o dele, mas diz, de cora\u00e7\u00e3o, que est\u00e1 apaixonado. Montserrat diz a Alessandro que passou sete anos chorando por sua aus\u00eancia, e \u00e9 muito tarde para eles. Alessandro diz que esteve os sete anos em coma e que chegou justamente no dia de seu casamento com Jos\u00e9 Luis. Ele conta que viu seu filho chamando Jos\u00e9 de pai, o que o feriu muito. Montserrat diz que n\u00e3o ama Jos\u00e9 Luis e se casou com ele apenas por agradecimento e porque todos diziam que ele era o melhor para ela e Laurinho. No entanto, homem que ela ama e sempre amar\u00e1 \u00e9 Alessandro.<\/p>\n<p>(*) edi\u00e7\u00e3o do SBT, Novela \u201cO Que A Vida Me Roubou\u201d, sujeito a altera\u00e7\u00e3o de data e conte\u00fado.<\/p>\n<p>Lo que la vida me rob\u00f3 (no Brasil, O Que a Vida Me Roubou) \u00e9 uma telenovela mexicana produzida por Angelli Nesma Medina para Televisa e exibida pelo Canal de las Estrellas entre 28 de outubro de 2013 e 27 de julho de 2014 em 196 cap\u00edtulos, substituindo La tempestad e sendo substitu\u00edda por Hasta el fin del mundo. A original \u00e9 de Caridad Bravo Adams, sendo esta um remake modernizado das novelas Bodas de odio e Amor real, produzidas em 1983 e 2003, respectivamente. Tem Angelique Boyer, Sebasti\u00e1n Rulli, Luis Roberto Guzm\u00e1n, Daniela Castro, Grettell Vald\u00e9z, Sergio Sendel e Lisset nos papeis principais.<\/p>\n","protected":false},"excerpt":{"rendered":"<p>Resumo novela \u201cO Que A Vida Me Roubou\u201d 22\/06: no cap\u00edtulo 104(*) da novela \u201cO Que A Vida Me Roubou\u201d, resumo de quinta-feira, 22 de junho, Pedro diz a Jos\u00e9 Lu\u00eds, de forma sarc\u00e1stica, que, se ele n\u00e3o contou a Montserrat que Alessandro est\u00e1 em coma, N\u00e1dia ir\u00e1 faz\u00ea-lo. Na mans\u00e3o Mendon\u00e7a, Carlota fica pr\u00f3xima [&hellip;]<\/p>\n","protected":false},"author":4,"featured_media":105656,"comment_status":"open","ping_status":"closed","sticky":false,"template":"","format":"standard","meta":{"tdm_status":"","tdm_grid_status":"","footnotes":""},"categories":[379,372,343],"tags":[441],"class_list":{"0":"post-115591","1":"post","2":"type-post","3":"status-publish","4":"format-standard","5":"has-post-thumbnail","7":"category-novelas","8":"category-sbt","9":"category-televisao","10":"tag-resumo-do-dia"},"_links":{"self":[{"href":"https:\/\/migracao.redenoticia.com.br\/noticia\/wp-json\/wp\/v2\/posts\/115591","targetHints":{"allow":["GET"]}}],"collection":[{"href":"https:\/\/migracao.redenoticia.com.br\/noticia\/wp-json\/wp\/v2\/posts"}],"about":[{"href":"https:\/\/migracao.redenoticia.com.br\/noticia\/wp-json\/wp\/v2\/types\/post"}],"author":[{"embeddable":true,"href":"https:\/\/migracao.redenoticia.com.br\/noticia\/wp-json\/wp\/v2\/users\/4"}],"replies":[{"embeddable":true,"href":"https:\/\/migracao.redenoticia.com.br\/noticia\/wp-json\/wp\/v2\/comments?post=115591"}],"version-history":[{"count":0,"href":"https:\/\/migracao.redenoticia.com.br\/noticia\/wp-json\/wp\/v2\/posts\/115591\/revisions"}],"wp:featuredmedia":[{"embeddable":true,"href":"https:\/\/migracao.redenoticia.com.br\/noticia\/wp-json\/wp\/v2\/media\/105656"}],"wp:attachment":[{"href":"https:\/\/migracao.redenoticia.com.br\/noticia\/wp-json\/wp\/v2\/media?parent=115591"}],"wp:term":[{"taxonomy":"category","embeddable":true,"href":"https:\/\/migracao.redenoticia.com.br\/noticia\/wp-json\/wp\/v2\/categories?post=115591"},{"taxonomy":"post_tag","embeddable":true,"href":"https:\/\/migracao.redenoticia.com.br\/noticia\/wp-json\/wp\/v2\/tags?post=115591"}],"curies":[{"name":"wp","href":"https:\/\/api.w.org\/{rel}","templated":true}]}}