{"id":115595,"date":"2017-06-21T16:30:39","date_gmt":"2017-06-21T19:30:39","guid":{"rendered":"https:\/\/www.redenoticia.com.br\/noticia\/?p=115595"},"modified":"2017-06-21T14:31:24","modified_gmt":"2017-06-21T17:31:24","slug":"resumo-novela-chiquititas-2206-pata-enfrenta-cintia","status":"publish","type":"post","link":"https:\/\/migracao.redenoticia.com.br\/noticia\/2017\/resumo-novela-chiquititas-2206-pata-enfrenta-cintia\/115595","title":{"rendered":"Resumo novela \u201cChiquititas\u201d 22\/06: Pata enfrenta Cintia"},"content":{"rendered":"<p><img loading=\"lazy\" decoding=\"async\" class=\"alignleft size-thumbnail wp-image-49690\" src=\"https:\/\/migracao.redenoticia.com.br\/noticia\/imagens\/chiquititas1-150x112.jpg\" alt=\"chiquititas\" width=\"150\" height=\"112\" \/><strong><em>Resumo novela \u201cChiquititas\u201d 22\/06<\/em><\/strong>: no cap\u00edtulo 203(*) da novela \u201cChiquititas\u201d, resumo de quinta-feira, 22 de junho, Mili sai pelo por\u00e3o do orfanato e vai at\u00e9 o t\u00e1xi com Duda. O menino avisa que nesta noite eles ficaram num hotel. Os hot\u00e9is n\u00e3o aceitam hosped\u00e1-los por serem menores de idade. Mili e Duda sentem que est\u00e3o sendo seguidos e ao avistarem um homem saem correndo. Eles entram num caminh\u00e3o pra se esconderem, por\u00e9m os caminhoneiros entram na cabine e v\u00e3o embora com o caminh\u00e3o. Duda e Mili n\u00e3o sabem para onde est\u00e3o indo. Amanhece e todos notam a falta de Mili no Raio de Luz. O mesmo acontece na Mans\u00e3o Almeida Campos. Duda e Mili percebem que entraram numa fria, pois os dois caminhoneiros na verdade s\u00e3o ladr\u00f5es que roubaram uma casa, o que explica os eletrodom\u00e9sticos dentro do caminh\u00e3o. Maria Cec\u00edlia leva seu pai, Oscar, at\u00e9 o Caf\u00e9 Boutique para lhe apresentar para Junior. Os caminhoneiros abrem o caminh\u00e3o e Duda e Mili aproveitam para fugir. Os caminhoneiros conseguem alcan\u00e7\u00e1-los e pegam o celular de Duda. Os dois conseguem fugir novamente dos bandidos. Cintia fica irritada ao saber que Mili fugiu. As crian\u00e7as contam para Carol que viram Mili triste e chorando. Cintia chama Pata para conversar a s\u00f3s na diretoria, o que chama a aten\u00e7\u00e3o de Carol. Cintia pergunta se Pata soube de alguma coisa. Pata enfrenta Cintia, lhe chama de falsa e diz que sabe que ela odeia todos do orfanato. Pela primeira vez Cintia para de fingir e diz que odeia crian\u00e7as. A vil\u00e3 aperta o bra\u00e7o de Pata e diz que se ela lhe desobedecer um pouco mandar\u00e1 fechar o orfanato e ir\u00e1 separar todos. Cintia diz para Matilde ficar de olho na menina. Carol tenta falar com Pata, que n\u00e3o conta o que aconteceu ao perceber que est\u00e1 sendo observada por Matilde, que finge ser Ernestina. Chico liga para Junior e avisa que Mili fugiu do orfanato. Mili conta tudo o que aconteceu para Duda. No orfanato, todos se d\u00e3o conta que Mili e Duda fugiram juntos.<\/p>\n<p>(*) edi\u00e7\u00e3o do SBT, Novela \u201cChiquititas\u201d, sujeito a altera\u00e7\u00e3o de data e conte\u00fado.<\/p>\n<p>Chiquititas gira em torno do orfanato Raio de Luz, que carrega em sua hist\u00f3ria um grande segredo envolvendo a fam\u00edlia e o dono do orfanato, Dr. Jos\u00e9 Ricardo Almeida Campos. Em um per\u00edodo anterior \u00e0 novela, exatos treze anos, sua filha Gabriela se apaixonou e ficou gr\u00e1vida de Miguel, filho de Valentina, empregada da casa dos Almeida Campos. Pouco depois, Jos\u00e9 Ricardo sequestrou sua neta, pois, como um homem conservador, ele n\u00e3o aceitava a ideia de que sua filha se envolvesse com um empregado. Como sua neta, Milena, apelidada como Mili, precisava de um lugar para morar, ele comprou um casar\u00e3o e fundou um orfanato, o Raio de Luz. Mili cresceu l\u00e1 com outras garotas que chegaram posteriormente: Bia, Ana, as irm\u00e3s Tati e Vivi, e Cris. Ao decorrer dos anos, elas se tornam uma fam\u00edlia. Elas s\u00e3o supervisionadas por Ernestina, zeladora do orfanato, e Chico, o cozinheiro amado pelas internas. Sofia, ex-governanta da fam\u00edlia Almeida Campos, \u00e9 a diretora do lugar, at\u00e9 que Carmem, irm\u00e3 de Jos\u00e9 Ricardo, entre em seu lugar. Chegam ainda mais \u00f3rf\u00e3os: Pata, Mosca, Binho e Rafa, que viviam nas ruas antes de entrarem na institui\u00e7\u00e3o. Pata e Mili tornam-se amigas rapidamente, enquanto Mosca, Binho e Rafa s\u00e3o os primeiros garotos a entrar no abrigo. As crian\u00e7as sem-teto foram ajudadas por uma doce e bela garota que tocam e mudam a vida delas, assim como as das garotas \u00f3rf\u00e3s.<\/p>\n","protected":false},"excerpt":{"rendered":"<p>Resumo novela \u201cChiquititas\u201d 22\/06: no cap\u00edtulo 203(*) da novela \u201cChiquititas\u201d, resumo de quinta-feira, 22 de junho, Mili sai pelo por\u00e3o do orfanato e vai at\u00e9 o t\u00e1xi com Duda. O menino avisa que nesta noite eles ficaram num hotel. Os hot\u00e9is n\u00e3o aceitam hosped\u00e1-los por serem menores de idade. Mili e Duda sentem que est\u00e3o [&hellip;]<\/p>\n","protected":false},"author":4,"featured_media":49690,"comment_status":"open","ping_status":"closed","sticky":false,"template":"","format":"standard","meta":{"tdm_status":"","tdm_grid_status":"","footnotes":""},"categories":[409,379,372,343],"tags":[441],"class_list":{"0":"post-115595","1":"post","2":"type-post","3":"status-publish","4":"format-standard","5":"has-post-thumbnail","7":"category-chiquititas","8":"category-novelas","9":"category-sbt","10":"category-televisao","11":"tag-resumo-do-dia"},"_links":{"self":[{"href":"https:\/\/migracao.redenoticia.com.br\/noticia\/wp-json\/wp\/v2\/posts\/115595","targetHints":{"allow":["GET"]}}],"collection":[{"href":"https:\/\/migracao.redenoticia.com.br\/noticia\/wp-json\/wp\/v2\/posts"}],"about":[{"href":"https:\/\/migracao.redenoticia.com.br\/noticia\/wp-json\/wp\/v2\/types\/post"}],"author":[{"embeddable":true,"href":"https:\/\/migracao.redenoticia.com.br\/noticia\/wp-json\/wp\/v2\/users\/4"}],"replies":[{"embeddable":true,"href":"https:\/\/migracao.redenoticia.com.br\/noticia\/wp-json\/wp\/v2\/comments?post=115595"}],"version-history":[{"count":0,"href":"https:\/\/migracao.redenoticia.com.br\/noticia\/wp-json\/wp\/v2\/posts\/115595\/revisions"}],"wp:featuredmedia":[{"embeddable":true,"href":"https:\/\/migracao.redenoticia.com.br\/noticia\/wp-json\/wp\/v2\/media\/49690"}],"wp:attachment":[{"href":"https:\/\/migracao.redenoticia.com.br\/noticia\/wp-json\/wp\/v2\/media?parent=115595"}],"wp:term":[{"taxonomy":"category","embeddable":true,"href":"https:\/\/migracao.redenoticia.com.br\/noticia\/wp-json\/wp\/v2\/categories?post=115595"},{"taxonomy":"post_tag","embeddable":true,"href":"https:\/\/migracao.redenoticia.com.br\/noticia\/wp-json\/wp\/v2\/tags?post=115595"}],"curies":[{"name":"wp","href":"https:\/\/api.w.org\/{rel}","templated":true}]}}