{"id":1156,"date":"2009-05-04T18:49:10","date_gmt":"2009-05-04T22:49:10","guid":{"rendered":"http:\/\/www.redenoticia.com.br\/noticia\/?p=1156"},"modified":"2009-05-04T18:49:10","modified_gmt":"2009-05-04T22:49:10","slug":"ji-parana-presente-na-rodada-de-negocios-brasilperu","status":"publish","type":"post","link":"https:\/\/migracao.redenoticia.com.br\/noticia\/2009\/ji-parana-presente-na-rodada-de-negocios-brasilperu\/1156","title":{"rendered":"Ji-Paran\u00e1 presente na rodada de Neg\u00f3cios Brasil\/Peru"},"content":{"rendered":"<p class=\"MsoNormal\" style=\"line-height: 12pt;\"><span style=\"font-family: Arial;\">O resultado gerado com a Rodada de Neg\u00f3cios organizada pelo Sebrae e Governo do Estado do Acre foi de R$ 1,4 milh\u00e3o, segundo ficha de avalia\u00e7\u00f5es respondida pelos empres\u00e1rios participantes. <\/span><\/p>\n<p class=\"MsoNormal\" style=\"line-height: 12pt;\"><span style=\"font-family: Arial;\">Mais de 200 empres\u00e1rios brasileiros e peruanos participaram do evento no dia 28 do m\u00eas passado, no Hotel Pinheiro, quando aproveitaram cada momento para apresentar seus produtos, servi\u00e7os e propostas de parcerias para a realiza\u00e7\u00e3o de neg\u00f3cios futuros. <\/span><\/p>\n<p class=\"MsoNormal\" style=\"line-height: 12pt;\"><span style=\"font-family: Arial;\">Nos \u00faltimos tr\u00eas anos, o contato entre empres\u00e1rios peruanos e brasileiros vem se intensificando, gra\u00e7as ao est\u00edmulo do projeto de Mercado na Fronteira, atrav\u00e9s do qual os Sebraes do Acre, Rond\u00f4nia e Mato Grosso, que est\u00e3o realizando treinamentos para construir uma cultura exportadora e importadora nos empreendedores que est\u00e3o localizados ao longo do eixo de influ\u00eancia da Estrada do Pac\u00edfico. <\/span><\/p>\n<p class=\"MsoNormal\" style=\"line-height: 12pt;\"><strong><span style=\"font-family: Arial;\">Reflorestando e lucrando<\/span><\/strong><span style=\"font-family: Arial;\"> <\/span><\/p>\n<p class=\"MsoNormal\" style=\"line-height: 12pt;\"><span style=\"font-family: Arial;\">O empres\u00e1rio Eriberto Valdir Cella propriet\u00e1rio da ind\u00fastria de m\u00f3veis Madeji, localizada em <strong>Ji-Paran\u00e1<\/strong>, em Rond\u00f4nia, tamb\u00e9m veio participar da rodada de neg\u00f3cios com os empres\u00e1rios peruanos. <\/span><\/p>\n<p class=\"MsoNormal\" style=\"line-height: 12pt;\"><span style=\"font-family: Arial;\">&#8220;A rodada \u00e9 uma excelente oportunidade para que eu apresente nossos m\u00f3veis que s\u00e3o todos fabricados em madeira de teca que j\u00e1 estou retirando do reflorestamento que fiz h\u00e1 apenas 13 anos. Recebi v\u00e1rios convites do Sebrae de Rond\u00f4nia participar de rodadas com empres\u00e1rios estrangeiros, nunca fui porque por estarmos muito longe dos portos brasileiros esse trabalho \u00e9 complicado para quem est\u00e1 iniciando na exporta\u00e7\u00e3o. Preferi vir ao Acre porque com a abertura da Estrada do Pac\u00edfico n\u00f3s conseguiremos fazer neg\u00f3cios de maneira mais simples, r\u00e1pida e segura!&#8221; <\/span><\/p>\n<p class=\"MsoNormal\" style=\"line-height: 12pt;\"><span style=\"font-family: Arial;\">Eriberto saiu animado com as perspectivas geradas durante os v\u00e1rios encontros que pode ter com os empres\u00e1rios peruanos, que segundo ele, demonstraram surpresas com a qualidade dos m\u00f3veis e, especialmente pelo fato de que ser resultado de reflorestamentos que evitam a derrubada de mais \u00e1rvores na Amaz\u00f4nia. <\/span><\/p>\n<p class=\"MsoNormal\" style=\"line-height: 12pt;\"><strong><span style=\"font-family: Arial;\">P\u00e9 na estrada<\/span><\/strong><span style=\"font-family: Arial;\"> <\/span><\/p>\n<p class=\"MsoNormal\" style=\"line-height: 12pt;\"><span style=\"font-family: Arial;\">Aumenta a cada dia a expectativa dos empres\u00e1rios brasileiros peruanos com a not\u00edcia de que restam apenas 290 quil\u00f4metros para concluir o asfaltamento do trecho da Estrada do Pac\u00edfico\u00a0 entre a cidade acriana de Assis Brasil e a cidade Peruana de Cusco. Outra boa not\u00edcia \u00e9 a de que, j\u00e1 durante a primeira quinzena de maio, come\u00e7a a circula\u00e7\u00e3o regular dos \u00f4nibus no trecho Rio Branco &#8211; Puerto Maldonado com tr\u00eas ve\u00edculos pertencentes \u00e0 empresa Movil Tours SA facilitando o acesso de turistas e comerciantes pela estrada. <\/span><\/p>\n<p class=\"MsoNormal\" style=\"line-height: 12pt;\"><strong><span style=\"font-family: Arial;\">Jacar\u00e9 na mesa<\/span><\/strong><span style=\"font-family: Arial;\"> <\/span><\/p>\n<p class=\"MsoNormal\" style=\"line-height: 12pt;\"><span style=\"font-family: Arial;\">Atuando como fornecedor regular de carne de jacar\u00e9 para o restaurante Corrent\u00e3o, localizado na entrada de Rio Branco para quem chega ao Acre pela BR-364, o representante da Cooperativa dos Criadores de Jacar\u00e9 do Pantanal (Coocrijapan) Wilson Girardi veio de C\u00e1ceres no Mato Grosso para participar da rodada de neg\u00f3cios, interessado em fazer neg\u00f3cios al\u00e9m das fronteiras brasileiras. <\/span><\/p>\n<p class=\"MsoNormal\" style=\"line-height: 12pt;\"><span style=\"font-family: Arial;\">&#8220;Nossa cooperativa \u00e9 um exemplo de que a cria\u00e7\u00e3o de animais silvestres brasileiros em escala comercial \u00e9 plenamente vi\u00e1vel e que merece ser imitada para garantir a preserva\u00e7\u00e3o de outras esp\u00e9cies. Oferecemos ao Brasil e ao mundo um produto ecologicamente correto, economicamente vi\u00e1vel e socialmente justo porque gera ocupa\u00e7\u00e3o e renda desde o homem pantaneiro que recolhe e incuba os ovos para vender os filhotes \u00e0s nossas cooperativas que al\u00e9m de ter como produto principal a venda e a carne do jacar\u00e9, fornecemos aos artes\u00e3os as cabe\u00e7as e jacarezinhos que morrem durante a cria\u00e7\u00e3o, para que sejam transformadas em obras de arte que encontram grande aceita\u00e7\u00e3o no mercado!&#8221;, Garante Girardi. <\/span><\/p>\n<p class=\"MsoNormal\" style=\"line-height: 12pt;\"><strong><span style=\"font-family: Arial;\">Ara\u00fajo vai \u00e0s compras<\/span><\/strong><span style=\"font-family: Arial;\"> <\/span><\/p>\n<p class=\"MsoNormal\" style=\"line-height: 12pt;\"><span style=\"font-family: Arial;\">Comprador de hortifrutigranjeiros para rede de Supermercados Ara\u00fajo, Fabiano Chagas esclareceu que toda semana as lojas do grupo comercializam uma m\u00e9dia de 120 mil quilos de frutas e verduras. &#8220;Praticamente todos esses produtos v\u00eam de Rond\u00f4nia e estados do centro sul do pa\u00eds, por isso n\u00f3s viemos participar da rodada e conhecer os produtos que poderemos comprar do Peru. Achei muito interessante esse milho gigante e as variedades de batatas, alho, cebolas tamb\u00e9m tem azeitonas, frutas e outros produtos que nos interessam.&#8221; <\/span><\/p>\n<p class=\"MsoNormal\" style=\"line-height: 12pt;\"><span style=\"font-family: Arial;\">A preocupa\u00e7\u00e3o de Fabiano ainda est\u00e1 na solu\u00e7\u00e3o de problemas burocr\u00e1ticos do sistema fiscal e sanit\u00e1rio entre Brasil e Peru para viabilizar a comercializa\u00e7\u00e3o desses produtos passando pela fronteira. &#8220;Produtos eles t\u00eam em quantidade, qualidade e pre\u00e7o. Agora resta verificar as condi\u00e7\u00f5es objetivas como a fiscaliza\u00e7\u00e3o e as condi\u00e7\u00f5es de transporte para que possamos consolidar essas compras. N\u00f3s temos uma rede de supermercados para abastecer e s\u00f3 poderemos neg\u00f3cios que sejam 100% confi\u00e1veis.&#8221; <\/span><\/p>\n<p class=\"MsoNormal\" style=\"line-height: 12pt;\"><strong><span style=\"font-family: Arial;\">Azeitando os neg\u00f3cios<\/span><\/strong><span style=\"font-family: Arial;\"> <\/span><\/p>\n<p class=\"MsoNormal\" style=\"line-height: 12pt;\"><span style=\"font-family: Arial;\">Representando um grupo de 15 empresas que representam a Associa\u00e7\u00e3o de Processadores Exportadores de Azeitonas, azeite de Oliva e Derivados do Peru (Pro Olivo), L\u00facia Ch\u00e1vez Mujica teve uma das mesas mais visitadas da rodada de neg\u00f3cios e se disse muito animada com as perspectivas futuras. <\/span><\/p>\n<p class=\"MsoNormal\" style=\"line-height: 12pt;\"><span style=\"font-family: Arial;\">&#8220;Poucos sabem que 60% de toda a produ\u00e7\u00e3o de azeitonas peruanas acontece nas regi\u00f5es de Takna, Arequipa, Moquegua e Lima. Tamb\u00e9m que 76% de toda a nossa produ\u00e7\u00e3o \u00e9 vendida para o Brasil, a maior parte dela para S\u00e3o Paulo. Para isso viajam de 12 a 15 dias em navios, mas com a abertura da Carretera Interoce\u00e1nica n\u00f3s poderemos fornecer diretamente para o Acre de forma muito mais r\u00e1pida e a pre\u00e7os mais compensadores para voc\u00eas. No mundo dos neg\u00f3cios o importante \u00e9 que os dois lados tenham vantagens!&#8221; <\/span><\/p>\n<p class=\"MsoNormal\" style=\"line-height: 12pt;\"><strong><span style=\"font-family: Arial;\">Novos sabores<\/span><\/strong><span style=\"font-family: Arial;\"> <\/span><\/p>\n<p class=\"MsoNormal\" style=\"line-height: 12pt;\"><span style=\"font-family: Arial;\">A engenheira Ana Maria Enciso Coronado promotora regional de neg\u00f3cios da Peru Promotora de Exporta\u00e7\u00e3o e Turismo (Prom Peru), ag\u00eancia oficial do governo peruano com sede em Cusco, veio representando 15 empresas que industrializam alimentos t\u00edpicos da cordilheira como a quinua, quiwicha, maca, habas, aguaymantu na forma de ganolas, farinhas, gel\u00e9ias e outros produtos que puderam ser degustados na ante-sala da rodada. <\/span><\/p>\n<p class=\"MsoNormal\" style=\"line-height: 12pt;\"><span style=\"font-family: Arial;\">&#8220;As comunidades da cordilheira produzem uma imensa variedade de alimentos riqu\u00edssimos como a qu\u00ednua, \u00fanico no mundo com nutrientes equivalentes ao leite materno, ou a kiwicha com prote\u00ednas superiores \u00e0 da carne. Estes alimentos s\u00e3o processados e embalados por empresas formais que trabalham dentro dos padr\u00f5es fiscais e sanit\u00e1rios internacionais, por isso est\u00e3o prontas para fazer neg\u00f3cios.&#8221; <\/span><\/p>\n<p class=\"MsoNormal\" style=\"line-height: 12pt;\"><strong><span style=\"font-family: Arial;\">Carga pesada<\/span><\/strong><span style=\"font-family: Arial;\"> <\/span><\/p>\n<p class=\"MsoNormal\" style=\"line-height: 12pt;\"><span style=\"font-family: Arial;\">Emerson Arai Hammes o gerente da filial da transportadora Expresso Ara\u00e7atuba, em Rio Branco, tamb\u00e9m participou da rodada de neg\u00f3cios para esclarecer os interessados sobre as condi\u00e7\u00f5es e custos de transporte binacional. <\/span><\/p>\n<p class=\"MsoNormal\" style=\"line-height: 12pt;\"><span style=\"font-family: Arial;\">&#8220;H\u00e1 mais de 15 anos a Expresso Ara\u00e7atuba tem investido no est\u00edmulo \u00e0 consolida\u00e7\u00e3o do com\u00e9rcio Brasil &#8211; Peru. Preparamos-nos para isso permissionando nossos caminh\u00f5es, e treinando os motoristas que j\u00e1 est\u00e3o realizando uma m\u00e9dia de seis viagens por m\u00eas levando carga do Acre ao Peru. Por isso n\u00f3s estamos aqui torcendo para que estes empres\u00e1rios consigam fechar neg\u00f3cios porque a carga a gente leva.&#8221; <\/span><\/p>\n<p class=\"MsoNormal\" style=\"line-height: 12pt;\"><strong><span style=\"font-family: Arial;\">Turismo \u00e9 neg\u00f3cio<\/span><\/strong><span style=\"font-family: Arial;\"> <\/span><\/p>\n<p class=\"MsoNormal\" style=\"line-height: 12pt;\"><span style=\"font-family: Arial;\">O secret\u00e1rio de Estado do Turismo, Esporte e Lazer (Setul), Cassiano Marques comemorou o lan\u00e7amento da primeira linha regular de \u00f4nibus Rio Branco &#8211; Puerto Maldonado que entrar\u00e1 em opera\u00e7\u00e3o na primeira quinzena de maio.\u00a0 Ao mesmo tempo convidou os empres\u00e1rios brasileiros e peruanos para participarem da primeira Semana da Amaz\u00f4nia em Cusco de 24 a 29 de maio. <\/span><\/p>\n<p class=\"MsoNormal\" style=\"line-height: 12pt;\"><span style=\"font-family: Arial;\">&#8220;Desde a primeira rodada de neg\u00f3cios realizada h\u00e1 dois anos, avan\u00e7amos muito para a consolida\u00e7\u00e3o dos neg\u00f3cios entre Brasil e Peru, especialmente estimulados pela Estrada do Pac\u00edfico. Neste cen\u00e1rio, tiram vantagem as empresas que melhor se preparam para sentar-se \u00e0 mesa durante a rodada de neg\u00f3cios e, nesse ponto fico feliz em ver que as nossas empresas do ramo tur\u00edstico est\u00e3o prontas tanto para receber os turistas como para fazer parcerias com empresas peruanas, facilitando a vida dos seus clientes num neg\u00f3cio de m\u00e3o dupla onde todos ganham.&#8221; <\/span><\/p>\n<p class=\"MsoNormal\" style=\"line-height: 12pt;\"><strong><span style=\"font-family: Arial;\">Integra\u00e7\u00e3o ecotur\u00edstica<\/span><\/strong><span style=\"font-family: Arial;\"> <\/span><\/p>\n<p class=\"MsoNormal\" style=\"line-height: 12pt;\"><span style=\"font-family: Arial;\">Oferecendo o conforto da Pousada Ayshawa localizada em Xapuri onde promove visitas aos principais pontos hist\u00f3ricos da cidade, como a casa e a Funda\u00e7\u00e3o Chico Mendes, al\u00e9m de passeios de bicicleta, de barco, trilhas pela floresta e visita a comunidades onde o visitante pode viver experi\u00eancias m\u00edsticas, o empres\u00e1rio Victor Pontes declarou-se animado pela rela\u00e7\u00e3o constru\u00edda com empresas peruanas. <\/span><\/p>\n<p class=\"MsoNormal\" style=\"line-height: 12pt;\"><span style=\"font-family: Arial;\">&#8220;Nesta rodada tivemos a oportunidade de manter contado com empresas de turismo peruanas e firmar parcerias para que os dois lados ganhem com esse fluxo de ida e vinda de turistas. Uma das melhores novidades do momento \u00e9 a empresa que estar\u00e1 fazendo o transporte de passageiros desde Rio Branco a Puerto Maldonado de onde as pessoas podem embarcar num avi\u00e3o e chegar a Cusco em pouco mais de 40 minutos para uma viagem inesquec\u00edvel,&#8221; afirmou Victor. <\/span><\/p>\n<p class=\"MsoNormal\" style=\"line-height: 12pt;\"><span style=\"font-family: Arial;\"><br \/>\n<\/span><\/p>\n<p class=\"MsoNormal\" style=\"line-height: 12pt;\"><strong><span style=\"font-family: Arial;\">Ag\u00eancia do Acre e Assessoria Sebrae <\/span><\/strong><span style=\"font-family: Arial;\"> <\/span><\/p>\n<p class=\"MsoNormal\"><strong><span style=\"font-family: Arial;\"> <\/span><\/strong><\/p>\n","protected":false},"excerpt":{"rendered":"<p>O resultado gerado com a Rodada de Neg\u00f3cios organizada pelo Sebrae e Governo do Estado do Acre foi de R$ 1,4 milh\u00e3o, segundo ficha de avalia\u00e7\u00f5es respondida pelos empres\u00e1rios participantes. Mais de 200 empres\u00e1rios brasileiros e peruanos participaram do evento no dia 28 do m\u00eas passado, no Hotel Pinheiro, quando aproveitaram cada momento para apresentar [&hellip;]<\/p>\n","protected":false},"author":3,"featured_media":0,"comment_status":"open","ping_status":"open","sticky":false,"template":"","format":"standard","meta":{"tdm_status":"","tdm_grid_status":"","footnotes":""},"categories":[22],"tags":[],"class_list":{"0":"post-1156","1":"post","2":"type-post","3":"status-publish","4":"format-standard","6":"category-brasil"},"_links":{"self":[{"href":"https:\/\/migracao.redenoticia.com.br\/noticia\/wp-json\/wp\/v2\/posts\/1156","targetHints":{"allow":["GET"]}}],"collection":[{"href":"https:\/\/migracao.redenoticia.com.br\/noticia\/wp-json\/wp\/v2\/posts"}],"about":[{"href":"https:\/\/migracao.redenoticia.com.br\/noticia\/wp-json\/wp\/v2\/types\/post"}],"author":[{"embeddable":true,"href":"https:\/\/migracao.redenoticia.com.br\/noticia\/wp-json\/wp\/v2\/users\/3"}],"replies":[{"embeddable":true,"href":"https:\/\/migracao.redenoticia.com.br\/noticia\/wp-json\/wp\/v2\/comments?post=1156"}],"version-history":[{"count":0,"href":"https:\/\/migracao.redenoticia.com.br\/noticia\/wp-json\/wp\/v2\/posts\/1156\/revisions"}],"wp:attachment":[{"href":"https:\/\/migracao.redenoticia.com.br\/noticia\/wp-json\/wp\/v2\/media?parent=1156"}],"wp:term":[{"taxonomy":"category","embeddable":true,"href":"https:\/\/migracao.redenoticia.com.br\/noticia\/wp-json\/wp\/v2\/categories?post=1156"},{"taxonomy":"post_tag","embeddable":true,"href":"https:\/\/migracao.redenoticia.com.br\/noticia\/wp-json\/wp\/v2\/tags?post=1156"}],"curies":[{"name":"wp","href":"https:\/\/api.w.org\/{rel}","templated":true}]}}