{"id":115601,"date":"2017-06-21T16:33:43","date_gmt":"2017-06-21T19:33:43","guid":{"rendered":"https:\/\/www.redenoticia.com.br\/noticia\/?p=115601"},"modified":"2017-06-21T14:34:30","modified_gmt":"2017-06-21T17:34:30","slug":"resumo-novela-novo-mundo-2206-dom-pedro-e-domitila-dancam-no-sarau","status":"publish","type":"post","link":"https:\/\/migracao.redenoticia.com.br\/noticia\/2017\/resumo-novela-novo-mundo-2206-dom-pedro-e-domitila-dancam-no-sarau\/115601","title":{"rendered":"Resumo novela \u201cNovo Mundo\u201d 22\/06: Dom Pedro e Domitila dan\u00e7am no sarau"},"content":{"rendered":"<p><img loading=\"lazy\" decoding=\"async\" class=\"alignleft size-thumbnail wp-image-107950\" src=\"https:\/\/migracao.redenoticia.com.br\/noticia\/imagens\/novo_mundo_novela_resumo_globo-150x112.jpg\" alt=\"\" width=\"150\" height=\"112\" srcset=\"https:\/\/migracao.redenoticia.com.br\/noticia\/imagens\/novo_mundo_novela_resumo_globo-150x112.jpg 150w, https:\/\/migracao.redenoticia.com.br\/noticia\/imagens\/novo_mundo_novela_resumo_globo-265x198.jpg 265w\" sizes=\"auto, (max-width: 150px) 100vw, 150px\" \/><strong><em>Resumo novela \u201cNovo Mundo\u201d 22\/06<\/em><\/strong>: no cap\u00edtulo 080(*) da novela \u201cNovo Mundo\u201d, resumo de quinta-feira, 22 de junho, Thomas prende Anna e usa Vit\u00f3ria para castig\u00e1-la. Anna descobre que foi tra\u00edda por Liu. Sebasti\u00e3o tenta convencer os representantes das prov\u00edncias a ficarem contra Dom Pedro. Quinzinho se irrita ao ver Germana e Licurgo com as roupas de seus pais. Jacira se perde ao tentar ir atr\u00e1s de Tibiri\u00e7\u00e1. Piat\u00e3 n\u00e3o sabe o que fazer para se tornar um Paj\u00e9. Diara tem uma ideia para tentar animar Ferdinando. Peter compra tecidos e material de costura para Am\u00e1lia, que fica encantada. Wolfgang v\u00ea Ferdinando e Diara juntos no quintal e fica enciumado. Thomas manda Domitila convencer Dom Pedro a nomear Francisco como seu secret\u00e1rio. Bonif\u00e1cio descobre a estrat\u00e9gia de Sebasti\u00e3o para prejudicar Pedro. Dom Pedro e Domitila dan\u00e7am durante o sarau e todos fazem coment\u00e1rios. Leopoldina vai atr\u00e1s da comitiva dos representantes das prov\u00edncias.<\/p>\n<p>(*) edi\u00e7\u00e3o da Rede Globo, Novela \u201cNovo Mundo\u201d, sujeito a altera\u00e7\u00e3o de data e conte\u00fado.<\/p>\n<p>Novo Mundo \u00e9 uma telenovela brasileira produzida pela Rede Globo. Escrita por Thereza Falc\u00e3o e Alessandro Marson, conta com dire\u00e7\u00e3o art\u00edstica de Vin\u00edcius Coimbra. Conta com as participa\u00e7\u00f5es de Isabelle Drummond, Chay Suede, Caio Castro, Let\u00edcia Colin, Leo Jaime, D\u00e9bora Olivieri, Rodrigo Simas, Giullia Buscacio, Vivianne Pasmanter, Guilherme Piva, R\u00f4mulo Estrela, Agatha Moreira, Luisa Micheletti, Gabriel Braga Nunes, e Ingrid Guimar\u00e3es.<\/p>\n","protected":false},"excerpt":{"rendered":"<p>Resumo novela \u201cNovo Mundo\u201d 22\/06: no cap\u00edtulo 080(*) da novela \u201cNovo Mundo\u201d, resumo de quinta-feira, 22 de junho, Thomas prende Anna e usa Vit\u00f3ria para castig\u00e1-la. Anna descobre que foi tra\u00edda por Liu. Sebasti\u00e3o tenta convencer os representantes das prov\u00edncias a ficarem contra Dom Pedro. Quinzinho se irrita ao ver Germana e Licurgo com as [&hellip;]<\/p>\n","protected":false},"author":4,"featured_media":107950,"comment_status":"open","ping_status":"closed","sticky":false,"template":"","format":"standard","meta":{"tdm_status":"","tdm_grid_status":"","footnotes":""},"categories":[379,375,343],"tags":[441],"class_list":{"0":"post-115601","1":"post","2":"type-post","3":"status-publish","4":"format-standard","5":"has-post-thumbnail","7":"category-novelas","8":"category-rede-globo","9":"category-televisao","10":"tag-resumo-do-dia"},"_links":{"self":[{"href":"https:\/\/migracao.redenoticia.com.br\/noticia\/wp-json\/wp\/v2\/posts\/115601","targetHints":{"allow":["GET"]}}],"collection":[{"href":"https:\/\/migracao.redenoticia.com.br\/noticia\/wp-json\/wp\/v2\/posts"}],"about":[{"href":"https:\/\/migracao.redenoticia.com.br\/noticia\/wp-json\/wp\/v2\/types\/post"}],"author":[{"embeddable":true,"href":"https:\/\/migracao.redenoticia.com.br\/noticia\/wp-json\/wp\/v2\/users\/4"}],"replies":[{"embeddable":true,"href":"https:\/\/migracao.redenoticia.com.br\/noticia\/wp-json\/wp\/v2\/comments?post=115601"}],"version-history":[{"count":0,"href":"https:\/\/migracao.redenoticia.com.br\/noticia\/wp-json\/wp\/v2\/posts\/115601\/revisions"}],"wp:featuredmedia":[{"embeddable":true,"href":"https:\/\/migracao.redenoticia.com.br\/noticia\/wp-json\/wp\/v2\/media\/107950"}],"wp:attachment":[{"href":"https:\/\/migracao.redenoticia.com.br\/noticia\/wp-json\/wp\/v2\/media?parent=115601"}],"wp:term":[{"taxonomy":"category","embeddable":true,"href":"https:\/\/migracao.redenoticia.com.br\/noticia\/wp-json\/wp\/v2\/categories?post=115601"},{"taxonomy":"post_tag","embeddable":true,"href":"https:\/\/migracao.redenoticia.com.br\/noticia\/wp-json\/wp\/v2\/tags?post=115601"}],"curies":[{"name":"wp","href":"https:\/\/api.w.org\/{rel}","templated":true}]}}