{"id":115613,"date":"2017-06-22T00:06:30","date_gmt":"2017-06-22T03:06:30","guid":{"rendered":"https:\/\/www.redenoticia.com.br\/noticia\/?p=115613"},"modified":"2017-06-21T15:54:08","modified_gmt":"2017-06-21T18:54:08","slug":"questoes-sao-anuladas-e-gabarito-do-vestibulinho-das-etecs-e-retificado","status":"publish","type":"post","link":"https:\/\/migracao.redenoticia.com.br\/noticia\/2017\/questoes-sao-anuladas-e-gabarito-do-vestibulinho-das-etecs-e-retificado\/115613","title":{"rendered":"Quest\u00f5es s\u00e3o anuladas e gabarito do Vestibulinho das Etecs \u00e9 retificado"},"content":{"rendered":"<p> As quest\u00f5es 30 e 31 do mais recente <strong><em>Vestibulinho das Etecs<\/em><\/strong> foram anuladas. Sendo assim, houve retifica\u00e7\u00e3o no gabarito oficial da prova realizada dia 11 de junho. As altera\u00e7\u00f5es no resultado do processo seletivo das Escolas T\u00e9cnicas Estaduais para o segundo semestre de 2017 podem ser conferidas nos sites  e .<\/p>\n<p>Para os inscritos nos cursos t\u00e9cnicos de Canto, Dan\u00e7a e Reg\u00eancia, a lista de convoca\u00e7\u00e3o ser\u00e1 divulgada no dia 3 de julho, na internet e na unidade da Etec escolhida pelo candidato.<\/p>\n<p>No dia 7 de julho saem as listas com a classifica\u00e7\u00e3o para o primeiro m\u00f3dulo do Ensino T\u00e9cnico Integrado ao M\u00e9dio na modalidade EJA, nos demais cursos t\u00e9cnicos (presencial, semipresencial e online) e no processo de avalia\u00e7\u00e3o e certifica\u00e7\u00e3o de compet\u00eancias para acesso \u00e0s vagas remanescentes do segundo m\u00f3dulo.<\/p>\n<p>Os candidatos dos cursos de especializa\u00e7\u00e3o devem conferir a lista de classifica\u00e7\u00e3o na Etec em que desejam estudar.<\/p>\n<p>Convoca\u00e7\u00e3o e matr\u00edcula<\/p>\n<p>A primeira lista de convoca\u00e7\u00e3o ser\u00e1 divulgada de 10 a 12 de julho na unidade em que o candidato deseja estudar. Entre 13 e 17 de julho \u00e9 a vez da segunda chamada, e no dia 18 sai a terceira lista. As matr\u00edculas precisam ser feitas no hor\u00e1rio definido pela unidade de ensino.<\/p>\n<p>As Etecs contam com mais de 211 mil estudantes matriculados nos Ensinos M\u00e9dio, T\u00e9cnico integrado ao M\u00e9dio e no Ensino T\u00e9cnico, para os setores Industrial, Agropecu\u00e1rio e de Servi\u00e7os.<\/p>\n<p>Do Portal do Governo SP<\/p>\n","protected":false},"excerpt":{"rendered":"<p>As quest\u00f5es 30 e 31 do mais recente Vestibulinho das Etecs foram anuladas. Sendo assim, houve retifica\u00e7\u00e3o no gabarito oficial da prova realizada dia 11 de junho. As altera\u00e7\u00f5es no resultado do processo seletivo das Escolas T\u00e9cnicas Estaduais para o segundo semestre de 2017 podem ser conferidas nos sites e . Para os inscritos nos [&hellip;]<\/p>\n","protected":false},"author":2,"featured_media":34896,"comment_status":"open","ping_status":"closed","sticky":false,"template":"","format":"standard","meta":{"tdm_status":"","tdm_grid_status":"","footnotes":""},"categories":[22,370,295],"tags":[],"class_list":{"0":"post-115613","1":"post","2":"type-post","3":"status-publish","4":"format-standard","5":"has-post-thumbnail","7":"category-brasil","8":"category-inscricao","9":"category-vestibular"},"_links":{"self":[{"href":"https:\/\/migracao.redenoticia.com.br\/noticia\/wp-json\/wp\/v2\/posts\/115613","targetHints":{"allow":["GET"]}}],"collection":[{"href":"https:\/\/migracao.redenoticia.com.br\/noticia\/wp-json\/wp\/v2\/posts"}],"about":[{"href":"https:\/\/migracao.redenoticia.com.br\/noticia\/wp-json\/wp\/v2\/types\/post"}],"author":[{"embeddable":true,"href":"https:\/\/migracao.redenoticia.com.br\/noticia\/wp-json\/wp\/v2\/users\/2"}],"replies":[{"embeddable":true,"href":"https:\/\/migracao.redenoticia.com.br\/noticia\/wp-json\/wp\/v2\/comments?post=115613"}],"version-history":[{"count":0,"href":"https:\/\/migracao.redenoticia.com.br\/noticia\/wp-json\/wp\/v2\/posts\/115613\/revisions"}],"wp:featuredmedia":[{"embeddable":true,"href":"https:\/\/migracao.redenoticia.com.br\/noticia\/wp-json\/wp\/v2\/media\/34896"}],"wp:attachment":[{"href":"https:\/\/migracao.redenoticia.com.br\/noticia\/wp-json\/wp\/v2\/media?parent=115613"}],"wp:term":[{"taxonomy":"category","embeddable":true,"href":"https:\/\/migracao.redenoticia.com.br\/noticia\/wp-json\/wp\/v2\/categories?post=115613"},{"taxonomy":"post_tag","embeddable":true,"href":"https:\/\/migracao.redenoticia.com.br\/noticia\/wp-json\/wp\/v2\/tags?post=115613"}],"curies":[{"name":"wp","href":"https:\/\/api.w.org\/{rel}","templated":true}]}}