{"id":115636,"date":"2017-06-22T16:30:43","date_gmt":"2017-06-22T19:30:43","guid":{"rendered":"https:\/\/www.redenoticia.com.br\/noticia\/?p=115636"},"modified":"2017-06-23T21:49:59","modified_gmt":"2017-06-24T00:49:59","slug":"novela-o-rico-e-lazaro-resumo-2306-daniel-veste-a-roupa-envenenada","status":"publish","type":"post","link":"https:\/\/migracao.redenoticia.com.br\/noticia\/2017\/novela-o-rico-e-lazaro-resumo-2306-daniel-veste-a-roupa-envenenada\/115636","title":{"rendered":"Novela \u201cO Rico e L\u00e1zaro\u201d resumo 23\/06: Daniel veste a roupa envenenada"},"content":{"rendered":"<p> <img loading=\"lazy\" decoding=\"async\" src=\"https:\/\/migracao.redenoticia.com.br\/noticia\/imagens\/o_rico_e_o_lazaro_resumo_novela_record-150x112.jpg\" alt=\"\" width=\"150\" height=\"112\" class=\"alignleft size-thumbnail wp-image-107948\" srcset=\"https:\/\/migracao.redenoticia.com.br\/noticia\/imagens\/o_rico_e_o_lazaro_resumo_novela_record-150x112.jpg 150w, https:\/\/migracao.redenoticia.com.br\/noticia\/imagens\/o_rico_e_o_lazaro_resumo_novela_record-265x198.jpg 265w\" sizes=\"auto, (max-width: 150px) 100vw, 150px\" \/><strong><em>Novela \u201cO Rico e L\u00e1zaro\u201d resumo 23\/06<\/em><\/strong>: no capitulo 075(*) da novela \u201cO Rico e L\u00e1zaro\u201d, sexta-feira, 23 de junho, Daniel n\u00e3o percebe a presen\u00e7a de Sammu no quarto, mas n\u00e3o veste a roupa envenenada. Mesaque revista a carro\u00e7a e n\u00e3o encontra nada de importante. Zac suspira aliviado e termina de esconder uma pepita de ouro sob as mercadorias. Amitis parabeniza Shag-Shag pela cria\u00e7\u00e3o de Hurzabum. Daniel percebe que Beroso est\u00e1 tramando algo. <\/p>\n<p>Nebuzarad\u00e3 convida o rei para praticar luta. Namnu pede para Arioque leva-la um dia \u00e0 Casa da Lua. Cabisbaixa, Rebeca sai para buscar \u00e1gua. Sammu diz ter conseguido colocar a roupa envenenada no quarto de Daniel. Nit\u00f3cris pede para Nabonido bajular o rei. Rebeca encontra Hurzabum. Ebede avisa que a nova pretendente de Joaquim est\u00e1 para chegar. <\/p>\n<p>Edissa sofre com a not\u00edcia. Beroso encontra Sammu e diz que seu plano deu certo. Neusta amea\u00e7a mandar Edissa para bem longe. Nabonido \u00e9 inconveniente com Evil e Daniel. Rebeca conversa com Ilana e se abra\u00e7am. Daniel pergunta se Mesaque est\u00e1 preparado para defender Shag-Shag no julgamento. Ilana convida Hurzabum para jantar. Rabe-S\u00e1ris vai at\u00e9 a casa de Elga e avisa sobre a proximidade do julgamento da adivinha. Shag-Shag agradece o apoio do general Arioque. Hurzabum recebe o amparo da fam\u00edlia de Rebeca. Daniel veste a roupa envenenada. <\/p>\n<p>(*) edi\u00e7\u00e3o da Rede Record, Novela \u201cO Rico e L\u00e1zaro\u201d, sujeito a altera\u00e7\u00e3o de data e conte\u00fado.<\/p>\n","protected":false},"excerpt":{"rendered":"<p>Novela \u201cO Rico e L\u00e1zaro\u201d resumo 23\/06: no capitulo 075(*) da novela \u201cO Rico e L\u00e1zaro\u201d, sexta-feira, 23 de junho, Daniel n\u00e3o percebe a presen\u00e7a de Sammu no quarto, mas n\u00e3o veste a roupa envenenada. Mesaque revista a carro\u00e7a e n\u00e3o encontra nada de importante. Zac suspira aliviado e termina de esconder uma pepita de [&hellip;]<\/p>\n","protected":false},"author":2,"featured_media":107948,"comment_status":"open","ping_status":"closed","sticky":false,"template":"","format":"standard","meta":{"tdm_status":"","tdm_grid_status":"","footnotes":""},"categories":[379,371,343],"tags":[441],"class_list":{"0":"post-115636","1":"post","2":"type-post","3":"status-publish","4":"format-standard","5":"has-post-thumbnail","7":"category-novelas","8":"category-rede-record","9":"category-televisao","10":"tag-resumo-do-dia"},"_links":{"self":[{"href":"https:\/\/migracao.redenoticia.com.br\/noticia\/wp-json\/wp\/v2\/posts\/115636","targetHints":{"allow":["GET"]}}],"collection":[{"href":"https:\/\/migracao.redenoticia.com.br\/noticia\/wp-json\/wp\/v2\/posts"}],"about":[{"href":"https:\/\/migracao.redenoticia.com.br\/noticia\/wp-json\/wp\/v2\/types\/post"}],"author":[{"embeddable":true,"href":"https:\/\/migracao.redenoticia.com.br\/noticia\/wp-json\/wp\/v2\/users\/2"}],"replies":[{"embeddable":true,"href":"https:\/\/migracao.redenoticia.com.br\/noticia\/wp-json\/wp\/v2\/comments?post=115636"}],"version-history":[{"count":0,"href":"https:\/\/migracao.redenoticia.com.br\/noticia\/wp-json\/wp\/v2\/posts\/115636\/revisions"}],"wp:featuredmedia":[{"embeddable":true,"href":"https:\/\/migracao.redenoticia.com.br\/noticia\/wp-json\/wp\/v2\/media\/107948"}],"wp:attachment":[{"href":"https:\/\/migracao.redenoticia.com.br\/noticia\/wp-json\/wp\/v2\/media?parent=115636"}],"wp:term":[{"taxonomy":"category","embeddable":true,"href":"https:\/\/migracao.redenoticia.com.br\/noticia\/wp-json\/wp\/v2\/categories?post=115636"},{"taxonomy":"post_tag","embeddable":true,"href":"https:\/\/migracao.redenoticia.com.br\/noticia\/wp-json\/wp\/v2\/tags?post=115636"}],"curies":[{"name":"wp","href":"https:\/\/api.w.org\/{rel}","templated":true}]}}