{"id":115665,"date":"2017-06-22T16:17:16","date_gmt":"2017-06-22T19:17:16","guid":{"rendered":"https:\/\/www.redenoticia.com.br\/noticia\/?p=115665"},"modified":"2017-06-22T16:15:28","modified_gmt":"2017-06-22T19:15:28","slug":"resumo-novela-o-que-a-vida-me-roubou-2306-graziela-sente-falta-dos-filhos","status":"publish","type":"post","link":"https:\/\/migracao.redenoticia.com.br\/noticia\/2017\/resumo-novela-o-que-a-vida-me-roubou-2306-graziela-sente-falta-dos-filhos\/115665","title":{"rendered":"Resumo novela \u201cO Que A Vida Me Roubou\u201d 23\/06: Graziela sente falta dos filhos"},"content":{"rendered":"<p> <img loading=\"lazy\" decoding=\"async\" src=\"https:\/\/migracao.redenoticia.com.br\/noticia\/imagens\/o-que-a-vida-me-roubou-novela-resumo-sbt-150x112.jpg\" alt=\"\" width=\"150\" height=\"112\" class=\"alignleft size-thumbnail wp-image-105656\" srcset=\"https:\/\/migracao.redenoticia.com.br\/noticia\/imagens\/o-que-a-vida-me-roubou-novela-resumo-sbt-150x112.jpg 150w, https:\/\/migracao.redenoticia.com.br\/noticia\/imagens\/o-que-a-vida-me-roubou-novela-resumo-sbt-265x198.jpg 265w\" sizes=\"auto, (max-width: 150px) 100vw, 150px\" \/><strong><em>Resumo novela \u201cO Que A Vida Me Roubou\u201d 23\/06<\/em><\/strong>: no cap\u00edtulo 105(*) da novela \u201cO Que A Vida Me Roubou\u201d, resumo de sexta-feira, 23 de junho, Graziela prop\u00f5e a Fab\u00edola que unam for\u00e7as e que acabem com todos os que se meterem no seu caminho e que tem que se certificar que Alessandro est\u00e1 morto. Alessandro pede a Montserrat que jure, em frente ao altar, que segue o amando. Ela responde que o ama mais que sua pr\u00f3pria vida. Jos\u00e9 Luis diz a Ros\u00e1rio que foi \u00e0 casa de Pedro Medina falar com Nadia e que, infelizmente, a jovem confirmou que tanto Victor quanto Alessandro n\u00e3o conseguiram se salvar e acabaram falecendo. Graziela diz a Fabiola que est\u00e1 s\u00f3 e a merc\u00ea de qualquer um. <\/p>\n<p>Adolfo diz a Victor que ele n\u00e3o lhe cai bem, mas sua irm\u00e3 o ama, por isso ir\u00e1 ajudar. Adolfo diz a Victor que Pedro suspeita que ele esteja em \u00c1gua Azul e deu ordens para mat\u00e1-lo. Adolfo pede a Victor que diga a Alessandro que deseja v\u00ea-lo, porque est\u00e1 certo que o interessa o que tem a dizer. Montserrat est\u00e1 a ponto de ir ao encontro que tem com Alessandro quando chega Jose Luis. Ela diz que ir\u00e1 ao encontro de Nadia. Jos\u00e9 Luis insiste em acompanh\u00e1-la. Montserrat garante que n\u00e3o \u00e9 preciso, pois talvez demore, tendo em vista que n\u00e3o v\u00ea sua amiga h\u00e1 muito tempo. Jos\u00e9 Luis machuca o p\u00e9, o que atrasa Montserrat. Enquanto isso, Alessandro espera desesperado por sua amada. <\/p>\n<p>Montserrat, nervosa, diz a Jos\u00e9 Luis que deve ir ao hospital para que lhe fa\u00e7am um curativo no p\u00e9. Ros\u00e1rio diz que preparou um rem\u00e9dio muito bom e que ir\u00e1 lhe dar alguns analg\u00e9sicos fortes, que o far\u00e3o dormir toda a noite. Graziela chora porque sente que seus filhos est\u00e3o cada vez mais afastados dela. Carlota a diz que deveria estar feliz, pois Montserrat est\u00e1 casada com o homem que ama e Demetrio est\u00e1 a ponto de iniciar uma nova vida com a mulher que ama. Graziela segue chorando, dizendo n\u00e3o saber uma forma de ganhar o afeto de seus filhos. Carlota ent\u00e3o diz que essas l\u00e1grimas s\u00f3 podem ser de arrependimento, e que se ela seguir agindo como est\u00e1, seus filhos se afastar\u00e3o cada vez mais.<\/p>\n<p>(*) edi\u00e7\u00e3o do SBT, Novela \u201cO Que A Vida Me Roubou\u201d, sujeito a altera\u00e7\u00e3o de data e conte\u00fado.<\/p>\n<p>Lo que la vida me rob\u00f3 (no Brasil, O Que a Vida Me Roubou) \u00e9 uma telenovela mexicana produzida por Angelli Nesma Medina para Televisa e exibida pelo Canal de las Estrellas entre 28 de outubro de 2013 e 27 de julho de 2014 em 196 cap\u00edtulos, substituindo La tempestad e sendo substitu\u00edda por Hasta el fin del mundo. A original \u00e9 de Caridad Bravo Adams, sendo esta um remake modernizado das novelas Bodas de odio e Amor real, produzidas em 1983 e 2003, respectivamente. Tem Angelique Boyer, Sebasti\u00e1n Rulli, Luis Roberto Guzm\u00e1n, Daniela Castro, Grettell Vald\u00e9z, Sergio Sendel e Lisset nos papeis principais.<\/p>\n","protected":false},"excerpt":{"rendered":"<p>Resumo novela \u201cO Que A Vida Me Roubou\u201d 23\/06: no cap\u00edtulo 105(*) da novela \u201cO Que A Vida Me Roubou\u201d, resumo de sexta-feira, 23 de junho, Graziela prop\u00f5e a Fab\u00edola que unam for\u00e7as e que acabem com todos os que se meterem no seu caminho e que tem que se certificar que Alessandro est\u00e1 morto. [&hellip;]<\/p>\n","protected":false},"author":2,"featured_media":105656,"comment_status":"open","ping_status":"closed","sticky":false,"template":"","format":"standard","meta":{"tdm_status":"","tdm_grid_status":"","footnotes":""},"categories":[379,372,343],"tags":[441],"class_list":{"0":"post-115665","1":"post","2":"type-post","3":"status-publish","4":"format-standard","5":"has-post-thumbnail","7":"category-novelas","8":"category-sbt","9":"category-televisao","10":"tag-resumo-do-dia"},"_links":{"self":[{"href":"https:\/\/migracao.redenoticia.com.br\/noticia\/wp-json\/wp\/v2\/posts\/115665","targetHints":{"allow":["GET"]}}],"collection":[{"href":"https:\/\/migracao.redenoticia.com.br\/noticia\/wp-json\/wp\/v2\/posts"}],"about":[{"href":"https:\/\/migracao.redenoticia.com.br\/noticia\/wp-json\/wp\/v2\/types\/post"}],"author":[{"embeddable":true,"href":"https:\/\/migracao.redenoticia.com.br\/noticia\/wp-json\/wp\/v2\/users\/2"}],"replies":[{"embeddable":true,"href":"https:\/\/migracao.redenoticia.com.br\/noticia\/wp-json\/wp\/v2\/comments?post=115665"}],"version-history":[{"count":0,"href":"https:\/\/migracao.redenoticia.com.br\/noticia\/wp-json\/wp\/v2\/posts\/115665\/revisions"}],"wp:featuredmedia":[{"embeddable":true,"href":"https:\/\/migracao.redenoticia.com.br\/noticia\/wp-json\/wp\/v2\/media\/105656"}],"wp:attachment":[{"href":"https:\/\/migracao.redenoticia.com.br\/noticia\/wp-json\/wp\/v2\/media?parent=115665"}],"wp:term":[{"taxonomy":"category","embeddable":true,"href":"https:\/\/migracao.redenoticia.com.br\/noticia\/wp-json\/wp\/v2\/categories?post=115665"},{"taxonomy":"post_tag","embeddable":true,"href":"https:\/\/migracao.redenoticia.com.br\/noticia\/wp-json\/wp\/v2\/tags?post=115665"}],"curies":[{"name":"wp","href":"https:\/\/api.w.org\/{rel}","templated":true}]}}