{"id":115667,"date":"2017-06-22T16:18:24","date_gmt":"2017-06-22T19:18:24","guid":{"rendered":"https:\/\/www.redenoticia.com.br\/noticia\/?p=115667"},"modified":"2017-06-22T16:15:34","modified_gmt":"2017-06-22T19:15:34","slug":"resumo-novela-carinha-de-anjo-2306-cecilia-pretende-abandonar-a-vida-religiosa","status":"publish","type":"post","link":"https:\/\/migracao.redenoticia.com.br\/noticia\/2017\/resumo-novela-carinha-de-anjo-2306-cecilia-pretende-abandonar-a-vida-religiosa\/115667","title":{"rendered":"Resumo novela \u201cCarinha de Anjo\u201d 23\/06: Cec\u00edlia pretende abandonar a vida religiosa"},"content":{"rendered":"<p> <img loading=\"lazy\" decoding=\"async\" class=\"alignleft size-thumbnail wp-image-99331\" src=\"https:\/\/migracao.redenoticia.com.br\/noticia\/imagens\/carinha_de_anjo_sbt_novela_resumo_capitulo-150x112.jpg\" alt=\"carinha_de_anjo_sbt_novela_resumo_capitulo\" width=\"150\" height=\"112\" srcset=\"https:\/\/migracao.redenoticia.com.br\/noticia\/imagens\/carinha_de_anjo_sbt_novela_resumo_capitulo-150x112.jpg 150w, https:\/\/migracao.redenoticia.com.br\/noticia\/imagens\/carinha_de_anjo_sbt_novela_resumo_capitulo-265x198.jpg 265w\" sizes=\"auto, (max-width: 150px) 100vw, 150px\" \/><strong><em>Resumo novela \u201cCarinha de Anjo\u201d 23\/06<\/em><\/strong>: no cap\u00edtulo 155(*) da novela \u201cCarinha de Anjo\u201d, resumo de sexta-feira, 23 de junho, Cec\u00edlia diz para Gustavo que seria um sonho para ela poder cuidar da Dulce Maria para a vida toda, mas que ele ir\u00e1 se casar e ter mais filhos. A novi\u00e7a revela ainda que pensa em mudar de col\u00e9gio, mas n\u00e3o sabe como se abrir assim. Cec\u00edlia fica parada e imagina como seria ela se casando com Gustavo e beijando ele no final da cerim\u00f4nia. Dulce chama a aten\u00e7\u00e3o da novi\u00e7a, que desperta de sua imagina\u00e7\u00e3o, para mostrar seu vestido dama de honra. <\/p>\n<p>Cec\u00edlia conta para Fabiana que percebeu que seu sentimento jamais ir\u00e1 se realizar, por isso vai tomar uma decis\u00e3o. No dia seguinte, Cec\u00edlia conversa com Diana e revela que ir\u00e1 abandonar a vida religiosa para valer. Cecilia conta que s\u00f3 ela sabe disso e que s\u00f3 vai contar sua decis\u00e3o ap\u00f3s o anivers\u00e1rio de 6 anos da Dulce Maria. Emocionada, a novi\u00e7a conta que se enganou sobre sua voca\u00e7\u00e3o para ser freira. Cec\u00edlia diz que vai se manter longe de Gustavo, pois ele vai se casar com outra mulher. Nicole vai at\u00e9 o col\u00e9gio conversar com Dulce Maria e conta que ir\u00e3o se casar. Fl\u00e1vio vai falar com Gustavo ap\u00f3s conversar em segredo com Silvana. <\/p>\n<p>Nicole diz para Dulce que Gustavo est\u00e1 sofrendo pois queria se casar com ela, mas n\u00e3o pode, pois Dulce n\u00e3o aceita. A megera pede para que a pequenina ligue para Gustavo e pe\u00e7a para que ele se case r\u00e1pido com Nicole. Fl\u00e1vio coloca c\u00e2meras escondidas em seu apartamento visando conseguir um emprego na empresa de Gustavo. Miguel diz para Peixoto que tentar\u00e1 ajudar ele a reatar o namoro com Rosana. Dulce telefona para o pai e mente que ficar\u00e1 feliz se o pai casar com Nicole. Ao chegar em casa, Nicole conta para Fl\u00e1vio que Dulce Maria \u00e9 insuport\u00e1vel e que quer que a menina fique podre em um col\u00e9gio interno. Fl\u00e1vio faz com que Nicole conte tudo o que fez com Gustavo para casar com ele. Fl\u00e1vio grava tudo escondido.<\/p>\n<p>(*) edi\u00e7\u00e3o do SBT, Novela \u201cCarinha de Anjo\u201d, sujeito a altera\u00e7\u00e3o de data e conte\u00fado.<\/p>\n<p>Carinha de Anjo \u00e9 uma telenovela brasileira produzida e exibida originalmente pelo SBT desde o dia 21 de novembro de 2016, substituindo o hor\u00e1rio anteriormente ocupado por C\u00famplices de um Resgate. A telenovela \u00e9 inspirada na mexicana Carita de \u00e1ngel, que, por sua vez, \u00e9 um remake de Mundo de juguete, ambas produzidas pela Televisa e que haviam sido baseadas na trama argentina escrita por Abel Santa Cruz, Pap\u00e1 coraz\u00f3n. Esta ser\u00e1 a segunda adapta\u00e7\u00e3o brasileira da obra original argentina, visto que a Rede Tupi apresentou em 1976 a sua primeira vers\u00e3o, chamada de Papai Cora\u00e7\u00e3o. A nova vers\u00e3o \u00e9 escrita por Leonor Corr\u00eaa, com supervis\u00e3o de \u00cdris Abravanel e dire\u00e7\u00e3o geral de Ricardo Mantoanelli. A trama conta com Lorena Queiroz, Bia Arantes, Carlo Porto, Priscila Sol, Dani Gondim, Karin Hils, Eliana Guttman e Lucero nos pap\u00e9is principais.<\/p>\n","protected":false},"excerpt":{"rendered":"<p>Resumo novela \u201cCarinha de Anjo\u201d 23\/06: no cap\u00edtulo 155(*) da novela \u201cCarinha de Anjo\u201d, resumo de sexta-feira, 23 de junho, Cec\u00edlia diz para Gustavo que seria um sonho para ela poder cuidar da Dulce Maria para a vida toda, mas que ele ir\u00e1 se casar e ter mais filhos. A novi\u00e7a revela ainda que pensa [&hellip;]<\/p>\n","protected":false},"author":2,"featured_media":99331,"comment_status":"open","ping_status":"closed","sticky":false,"template":"","format":"standard","meta":{"tdm_status":"","tdm_grid_status":"","footnotes":""},"categories":[452,379,372,343],"tags":[441],"class_list":{"0":"post-115667","1":"post","2":"type-post","3":"status-publish","4":"format-standard","5":"has-post-thumbnail","7":"category-carinha-de-anjo","8":"category-novelas","9":"category-sbt","10":"category-televisao","11":"tag-resumo-do-dia"},"_links":{"self":[{"href":"https:\/\/migracao.redenoticia.com.br\/noticia\/wp-json\/wp\/v2\/posts\/115667","targetHints":{"allow":["GET"]}}],"collection":[{"href":"https:\/\/migracao.redenoticia.com.br\/noticia\/wp-json\/wp\/v2\/posts"}],"about":[{"href":"https:\/\/migracao.redenoticia.com.br\/noticia\/wp-json\/wp\/v2\/types\/post"}],"author":[{"embeddable":true,"href":"https:\/\/migracao.redenoticia.com.br\/noticia\/wp-json\/wp\/v2\/users\/2"}],"replies":[{"embeddable":true,"href":"https:\/\/migracao.redenoticia.com.br\/noticia\/wp-json\/wp\/v2\/comments?post=115667"}],"version-history":[{"count":0,"href":"https:\/\/migracao.redenoticia.com.br\/noticia\/wp-json\/wp\/v2\/posts\/115667\/revisions"}],"wp:featuredmedia":[{"embeddable":true,"href":"https:\/\/migracao.redenoticia.com.br\/noticia\/wp-json\/wp\/v2\/media\/99331"}],"wp:attachment":[{"href":"https:\/\/migracao.redenoticia.com.br\/noticia\/wp-json\/wp\/v2\/media?parent=115667"}],"wp:term":[{"taxonomy":"category","embeddable":true,"href":"https:\/\/migracao.redenoticia.com.br\/noticia\/wp-json\/wp\/v2\/categories?post=115667"},{"taxonomy":"post_tag","embeddable":true,"href":"https:\/\/migracao.redenoticia.com.br\/noticia\/wp-json\/wp\/v2\/tags?post=115667"}],"curies":[{"name":"wp","href":"https:\/\/api.w.org\/{rel}","templated":true}]}}