{"id":115669,"date":"2017-06-22T16:19:31","date_gmt":"2017-06-22T19:19:31","guid":{"rendered":"https:\/\/www.redenoticia.com.br\/noticia\/?p=115669"},"modified":"2017-06-22T16:15:43","modified_gmt":"2017-06-22T19:15:43","slug":"resumo-novela-chiquititas-2306-duda-e-mili-sao-confundidos-com-ladroes","status":"publish","type":"post","link":"https:\/\/migracao.redenoticia.com.br\/noticia\/2017\/resumo-novela-chiquititas-2306-duda-e-mili-sao-confundidos-com-ladroes\/115669","title":{"rendered":"Resumo novela \u201cChiquititas\u201d 23\/06: Duda e Mili s\u00e3o confundidos com ladr\u00f5es"},"content":{"rendered":"<p> <img loading=\"lazy\" decoding=\"async\" class=\"alignleft size-thumbnail wp-image-49690\" src=\"https:\/\/migracao.redenoticia.com.br\/noticia\/imagens\/chiquititas1-150x112.jpg\" alt=\"chiquititas\" width=\"150\" height=\"112\" \/><strong><em>Resumo novela \u201cChiquititas\u201d 23\/06<\/em><\/strong>: no cap\u00edtulo 204(*) da novela \u201cChiquititas\u201d, resumo de sexta-feira, 23 de junho, Mili e Duda descobrem que est\u00e3o numa cidade do interior longe da capital de S\u00e3o Paulo. Os dois pedem carona no meio da estrada e um homem chamado Inoc\u00eancio da Sanfona (Luiz Carlos Bahia) diz que ir\u00e1 dar carona para eles e que assim eles podem aproveitar para ver um de seus shows. <\/p>\n<p>Pata pergunta se Ernestina, que na verdade \u00e9 Matilde, est\u00e1 lhe seguindo o tempo todo. Inoc\u00eancio, Mili e Duda chegam ao bar. Os dois aproveitam para comer. Eduarda reclama para Shirley sobre a presen\u00e7a de seu ex, Oscar. \u00c9 noticiado na TV que dois jovens estavam envolvidos num grande assalto de uma casa. \u00c9 divulgado um retrato falado das crian\u00e7as que foram vistas entrando no caminh\u00e3o. Trata-se do retrato falado de Duda e Mili, que na verdade entraram apenas por acidente no caminh\u00e3o. Todos no bar olham de maneira estranha para os dois ap\u00f3s a reportagem. Inoc\u00eancio n\u00e3o deixa que chamem a pol\u00edcia e diz que os dois estavam com ele no dia do assalto. <\/p>\n<p>O homem se apresenta no bar com o aux\u00edlio de Duda e Mili que tocam instrumentos. Cintia amea\u00e7a novamente Pata e diz que ela n\u00e3o deve contar nada para ningu\u00e9m. Maria que estava escondida debaixo de um banco escuta tudo. Os dois bandidos entram no bar e avistam Mili e Duda no palco. Mili fica desesperada e junto com Duda foge. Mosca e os meninos decidem falar com Pa\u00e7oca para saber se ele sabe algo sobre Duda e Mili. Pa\u00e7oca diz que n\u00e3o sabe nada. Inoc\u00eancio ajuda mais uma vez Mili e Duda, dessa vez a fugir dos bandidos.<\/p>\n<p>(*) edi\u00e7\u00e3o do SBT, Novela \u201cChiquititas\u201d, sujeito a altera\u00e7\u00e3o de data e conte\u00fado.<\/p>\n<p>Chiquititas gira em torno do orfanato Raio de Luz, que carrega em sua hist\u00f3ria um grande segredo envolvendo a fam\u00edlia e o dono do orfanato, Dr. Jos\u00e9 Ricardo Almeida Campos. Em um per\u00edodo anterior \u00e0 novela, exatos treze anos, sua filha Gabriela se apaixonou e ficou gr\u00e1vida de Miguel, filho de Valentina, empregada da casa dos Almeida Campos. Pouco depois, Jos\u00e9 Ricardo sequestrou sua neta, pois, como um homem conservador, ele n\u00e3o aceitava a ideia de que sua filha se envolvesse com um empregado. Como sua neta, Milena, apelidada como Mili, precisava de um lugar para morar, ele comprou um casar\u00e3o e fundou um orfanato, o Raio de Luz. Mili cresceu l\u00e1 com outras garotas que chegaram posteriormente: Bia, Ana, as irm\u00e3s Tati e Vivi, e Cris. Ao decorrer dos anos, elas se tornam uma fam\u00edlia. Elas s\u00e3o supervisionadas por Ernestina, zeladora do orfanato, e Chico, o cozinheiro amado pelas internas. Sofia, ex-governanta da fam\u00edlia Almeida Campos, \u00e9 a diretora do lugar, at\u00e9 que Carmem, irm\u00e3 de Jos\u00e9 Ricardo, entre em seu lugar. Chegam ainda mais \u00f3rf\u00e3os: Pata, Mosca, Binho e Rafa, que viviam nas ruas antes de entrarem na institui\u00e7\u00e3o. Pata e Mili tornam-se amigas rapidamente, enquanto Mosca, Binho e Rafa s\u00e3o os primeiros garotos a entrar no abrigo. As crian\u00e7as sem-teto foram ajudadas por uma doce e bela garota que tocam e mudam a vida delas, assim como as das garotas \u00f3rf\u00e3s.<\/p>\n","protected":false},"excerpt":{"rendered":"<p>Resumo novela \u201cChiquititas\u201d 23\/06: no cap\u00edtulo 204(*) da novela \u201cChiquititas\u201d, resumo de sexta-feira, 23 de junho, Mili e Duda descobrem que est\u00e3o numa cidade do interior longe da capital de S\u00e3o Paulo. Os dois pedem carona no meio da estrada e um homem chamado Inoc\u00eancio da Sanfona (Luiz Carlos Bahia) diz que ir\u00e1 dar carona [&hellip;]<\/p>\n","protected":false},"author":2,"featured_media":49690,"comment_status":"open","ping_status":"closed","sticky":false,"template":"","format":"standard","meta":{"tdm_status":"","tdm_grid_status":"","footnotes":""},"categories":[409,379,372,343],"tags":[441],"class_list":{"0":"post-115669","1":"post","2":"type-post","3":"status-publish","4":"format-standard","5":"has-post-thumbnail","7":"category-chiquititas","8":"category-novelas","9":"category-sbt","10":"category-televisao","11":"tag-resumo-do-dia"},"_links":{"self":[{"href":"https:\/\/migracao.redenoticia.com.br\/noticia\/wp-json\/wp\/v2\/posts\/115669","targetHints":{"allow":["GET"]}}],"collection":[{"href":"https:\/\/migracao.redenoticia.com.br\/noticia\/wp-json\/wp\/v2\/posts"}],"about":[{"href":"https:\/\/migracao.redenoticia.com.br\/noticia\/wp-json\/wp\/v2\/types\/post"}],"author":[{"embeddable":true,"href":"https:\/\/migracao.redenoticia.com.br\/noticia\/wp-json\/wp\/v2\/users\/2"}],"replies":[{"embeddable":true,"href":"https:\/\/migracao.redenoticia.com.br\/noticia\/wp-json\/wp\/v2\/comments?post=115669"}],"version-history":[{"count":0,"href":"https:\/\/migracao.redenoticia.com.br\/noticia\/wp-json\/wp\/v2\/posts\/115669\/revisions"}],"wp:featuredmedia":[{"embeddable":true,"href":"https:\/\/migracao.redenoticia.com.br\/noticia\/wp-json\/wp\/v2\/media\/49690"}],"wp:attachment":[{"href":"https:\/\/migracao.redenoticia.com.br\/noticia\/wp-json\/wp\/v2\/media?parent=115669"}],"wp:term":[{"taxonomy":"category","embeddable":true,"href":"https:\/\/migracao.redenoticia.com.br\/noticia\/wp-json\/wp\/v2\/categories?post=115669"},{"taxonomy":"post_tag","embeddable":true,"href":"https:\/\/migracao.redenoticia.com.br\/noticia\/wp-json\/wp\/v2\/tags?post=115669"}],"curies":[{"name":"wp","href":"https:\/\/api.w.org\/{rel}","templated":true}]}}