{"id":115675,"date":"2017-06-22T16:22:34","date_gmt":"2017-06-22T19:22:34","guid":{"rendered":"https:\/\/www.redenoticia.com.br\/noticia\/?p=115675"},"modified":"2017-06-22T16:16:08","modified_gmt":"2017-06-22T19:16:08","slug":"resumo-novela-novo-mundo-2306-elvira-acorda-em-seu-cativeiro","status":"publish","type":"post","link":"https:\/\/migracao.redenoticia.com.br\/noticia\/2017\/resumo-novela-novo-mundo-2306-elvira-acorda-em-seu-cativeiro\/115675","title":{"rendered":"Resumo novela \u201cNovo Mundo\u201d 23\/06: Elvira acorda em seu cativeiro"},"content":{"rendered":"<p> <img loading=\"lazy\" decoding=\"async\" class=\"alignleft size-thumbnail wp-image-107950\" src=\"https:\/\/migracao.redenoticia.com.br\/noticia\/imagens\/novo_mundo_novela_resumo_globo-150x112.jpg\" alt=\"\" width=\"150\" height=\"112\" srcset=\"https:\/\/migracao.redenoticia.com.br\/noticia\/imagens\/novo_mundo_novela_resumo_globo-150x112.jpg 150w, https:\/\/migracao.redenoticia.com.br\/noticia\/imagens\/novo_mundo_novela_resumo_globo-265x198.jpg 265w\" sizes=\"auto, (max-width: 150px) 100vw, 150px\" \/><strong><em>Resumo novela \u201cNovo Mundo\u201d 23\/06<\/em><\/strong>: no cap\u00edtulo 081(*) da novela \u201cNovo Mundo\u201d, resumo de sexta-feira, 23 de junho, Leopoldina convence os representantes das prov\u00edncias a irem ao encontro de Pedro. Thomas impede Anna de cuidar de Vit\u00f3ria. Dom Pedro decide acabar com o sarau e Domitila fica furiosa. Leopoldina convence os representantes a firmarem um acordo e Dom Pedro se surpreende. Anna estranha o comportamento de N\u00edvea. Ferdinando defende Diara e os dois se encantam um pelo outro. Idalina aconselha Wolfgang a confiar em Diara. Thomas provoca Joaquim na cadeia. Joaquim teme pela seguran\u00e7a de Anna. Matias fala para Sebasti\u00e3o que sabe que ele \u00e9 seu pai. Domitila se recusa a perdoar Dom Pedro. Am\u00e1lia passeia com Peter e fica intrigada quando v\u00ea a princesa passar por eles. Joaquim conta a Leopoldina tudo o que sabe sobre Thomas e implora que ela ajude Anna. Anna d\u00e1 um ultimato em Liu. Elvira acorda assustada em seu cativeiro.<\/p>\n<p>(*) edi\u00e7\u00e3o da Rede Globo, Novela \u201cNovo Mundo\u201d, sujeito a altera\u00e7\u00e3o de data e conte\u00fado.<\/p>\n<p>Novo Mundo \u00e9 uma telenovela brasileira produzida pela Rede Globo. Escrita por Thereza Falc\u00e3o e Alessandro Marson, conta com dire\u00e7\u00e3o art\u00edstica de Vin\u00edcius Coimbra. Conta com as participa\u00e7\u00f5es de Isabelle Drummond, Chay Suede, Caio Castro, Let\u00edcia Colin, Leo Jaime, D\u00e9bora Olivieri, Rodrigo Simas, Giullia Buscacio, Vivianne Pasmanter, Guilherme Piva, R\u00f4mulo Estrela, Agatha Moreira, Luisa Micheletti, Gabriel Braga Nunes, e Ingrid Guimar\u00e3es.<\/p>\n","protected":false},"excerpt":{"rendered":"<p>Resumo novela \u201cNovo Mundo\u201d 23\/06: no cap\u00edtulo 081(*) da novela \u201cNovo Mundo\u201d, resumo de sexta-feira, 23 de junho, Leopoldina convence os representantes das prov\u00edncias a irem ao encontro de Pedro. Thomas impede Anna de cuidar de Vit\u00f3ria. Dom Pedro decide acabar com o sarau e Domitila fica furiosa. Leopoldina convence os representantes a firmarem um [&hellip;]<\/p>\n","protected":false},"author":2,"featured_media":107950,"comment_status":"open","ping_status":"closed","sticky":false,"template":"","format":"standard","meta":{"tdm_status":"","tdm_grid_status":"","footnotes":""},"categories":[379,375,343],"tags":[441],"class_list":{"0":"post-115675","1":"post","2":"type-post","3":"status-publish","4":"format-standard","5":"has-post-thumbnail","7":"category-novelas","8":"category-rede-globo","9":"category-televisao","10":"tag-resumo-do-dia"},"_links":{"self":[{"href":"https:\/\/migracao.redenoticia.com.br\/noticia\/wp-json\/wp\/v2\/posts\/115675","targetHints":{"allow":["GET"]}}],"collection":[{"href":"https:\/\/migracao.redenoticia.com.br\/noticia\/wp-json\/wp\/v2\/posts"}],"about":[{"href":"https:\/\/migracao.redenoticia.com.br\/noticia\/wp-json\/wp\/v2\/types\/post"}],"author":[{"embeddable":true,"href":"https:\/\/migracao.redenoticia.com.br\/noticia\/wp-json\/wp\/v2\/users\/2"}],"replies":[{"embeddable":true,"href":"https:\/\/migracao.redenoticia.com.br\/noticia\/wp-json\/wp\/v2\/comments?post=115675"}],"version-history":[{"count":0,"href":"https:\/\/migracao.redenoticia.com.br\/noticia\/wp-json\/wp\/v2\/posts\/115675\/revisions"}],"wp:featuredmedia":[{"embeddable":true,"href":"https:\/\/migracao.redenoticia.com.br\/noticia\/wp-json\/wp\/v2\/media\/107950"}],"wp:attachment":[{"href":"https:\/\/migracao.redenoticia.com.br\/noticia\/wp-json\/wp\/v2\/media?parent=115675"}],"wp:term":[{"taxonomy":"category","embeddable":true,"href":"https:\/\/migracao.redenoticia.com.br\/noticia\/wp-json\/wp\/v2\/categories?post=115675"},{"taxonomy":"post_tag","embeddable":true,"href":"https:\/\/migracao.redenoticia.com.br\/noticia\/wp-json\/wp\/v2\/tags?post=115675"}],"curies":[{"name":"wp","href":"https:\/\/api.w.org\/{rel}","templated":true}]}}