{"id":115689,"date":"2017-06-23T00:04:19","date_gmt":"2017-06-23T03:04:19","guid":{"rendered":"https:\/\/www.redenoticia.com.br\/noticia\/?p=115689"},"modified":"2017-06-22T14:55:17","modified_gmt":"2017-06-22T17:55:17","slug":"hospital-sirio-libanes-abre-inscricoes-para-novos-cursos-de-pos-graduacao","status":"publish","type":"post","link":"https:\/\/migracao.redenoticia.com.br\/noticia\/2017\/hospital-sirio-libanes-abre-inscricoes-para-novos-cursos-de-pos-graduacao\/115689","title":{"rendered":"Hospital S\u00edrio-Liban\u00eas abre inscri\u00e7\u00f5es para novos cursos de P\u00f3s-Gradua\u00e7\u00e3o"},"content":{"rendered":"<p>Ag\u00eancia FAPESP \u2013 O Instituto S\u00edrio-Liban\u00eas de Ensino e Pesquisa (IEP\/HSL) abriu inscri\u00e7\u00f5es para novos <strong><em>cursos de p\u00f3s-gradua\u00e7\u00e3o<\/em><\/strong> lato sensu, com in\u00edcio em agosto. Al\u00e9m das especializa\u00e7\u00f5es em Reprodu\u00e7\u00e3o Assistida e Gest\u00e3o em Sa\u00fade, o programa tamb\u00e9m contar\u00e1 com vagas em quatro novas \u00e1reas: Dermatologia Oncol\u00f3gica, Multiprofissional em Oncologia, Fisioterapia Hospitalar e Farm\u00e1cia Cl\u00ednica no Cuidado ao Paciente Cr\u00edtico.<\/p>\n<p>Todos os programas utilizam metodologias e tecnologias educacionais inovadoras, recursos digitais, dentre eles uma mesa digital interativa capaz de reprodu\u00e7\u00e3o de imagens em 3D e uma plataforma de aprendizagem a dist\u00e2ncia, o Learning Management System (LMS) &#8211; totalmente mobile e interativo, al\u00e9m de v\u00e1rios recursos, como o Adaptative Learning, que possibilita um &#8220;ensino individualizado&#8221; aos estudantes.<\/p>\n<p>Os cursos t\u00eam coordena\u00e7\u00e3o e participa\u00e7\u00e3o direta de profissionais do Hospital S\u00edrio-Liban\u00eas em todas as atividades acad\u00eamicas, aumentando as oportunidades e o networking dos alunos.<\/p>\n<p>A sele\u00e7\u00e3o dos candidatos ser\u00e1 realizada por an\u00e1lise de curr\u00edculo, entrevistas e an\u00e1lise de projetos.<\/p>\n<p>Para mais informa\u00e7\u00f5es acesse .<\/p>\n","protected":false},"excerpt":{"rendered":"<p>Ag\u00eancia FAPESP \u2013 O Instituto S\u00edrio-Liban\u00eas de Ensino e Pesquisa (IEP\/HSL) abriu inscri\u00e7\u00f5es para novos cursos de p\u00f3s-gradua\u00e7\u00e3o lato sensu, com in\u00edcio em agosto. Al\u00e9m das especializa\u00e7\u00f5es em Reprodu\u00e7\u00e3o Assistida e Gest\u00e3o em Sa\u00fade, o programa tamb\u00e9m contar\u00e1 com vagas em quatro novas \u00e1reas: Dermatologia Oncol\u00f3gica, Multiprofissional em Oncologia, Fisioterapia Hospitalar e Farm\u00e1cia Cl\u00ednica no [&hellip;]<\/p>\n","protected":false},"author":2,"featured_media":35093,"comment_status":"open","ping_status":"closed","sticky":false,"template":"","format":"standard","meta":{"tdm_status":"","tdm_grid_status":"","footnotes":""},"categories":[22,351,370],"tags":[],"class_list":{"0":"post-115689","1":"post","2":"type-post","3":"status-publish","4":"format-standard","5":"has-post-thumbnail","7":"category-brasil","8":"category-cursos","9":"category-inscricao"},"_links":{"self":[{"href":"https:\/\/migracao.redenoticia.com.br\/noticia\/wp-json\/wp\/v2\/posts\/115689","targetHints":{"allow":["GET"]}}],"collection":[{"href":"https:\/\/migracao.redenoticia.com.br\/noticia\/wp-json\/wp\/v2\/posts"}],"about":[{"href":"https:\/\/migracao.redenoticia.com.br\/noticia\/wp-json\/wp\/v2\/types\/post"}],"author":[{"embeddable":true,"href":"https:\/\/migracao.redenoticia.com.br\/noticia\/wp-json\/wp\/v2\/users\/2"}],"replies":[{"embeddable":true,"href":"https:\/\/migracao.redenoticia.com.br\/noticia\/wp-json\/wp\/v2\/comments?post=115689"}],"version-history":[{"count":0,"href":"https:\/\/migracao.redenoticia.com.br\/noticia\/wp-json\/wp\/v2\/posts\/115689\/revisions"}],"wp:featuredmedia":[{"embeddable":true,"href":"https:\/\/migracao.redenoticia.com.br\/noticia\/wp-json\/wp\/v2\/media\/35093"}],"wp:attachment":[{"href":"https:\/\/migracao.redenoticia.com.br\/noticia\/wp-json\/wp\/v2\/media?parent=115689"}],"wp:term":[{"taxonomy":"category","embeddable":true,"href":"https:\/\/migracao.redenoticia.com.br\/noticia\/wp-json\/wp\/v2\/categories?post=115689"},{"taxonomy":"post_tag","embeddable":true,"href":"https:\/\/migracao.redenoticia.com.br\/noticia\/wp-json\/wp\/v2\/tags?post=115689"}],"curies":[{"name":"wp","href":"https:\/\/api.w.org\/{rel}","templated":true}]}}