{"id":115756,"date":"2017-06-24T00:04:00","date_gmt":"2017-06-24T03:04:00","guid":{"rendered":"https:\/\/www.redenoticia.com.br\/noticia\/?p=115756"},"modified":"2017-06-23T16:31:47","modified_gmt":"2017-06-23T19:31:47","slug":"resumo-novela-no-limite-da-paixao-2606-rogerio-aconselha-otavio","status":"publish","type":"post","link":"https:\/\/migracao.redenoticia.com.br\/noticia\/2017\/resumo-novela-no-limite-da-paixao-2606-rogerio-aconselha-otavio\/115756","title":{"rendered":"Resumo novela \u201cNo Limite da Paix\u00e3o\u201d 26\/06: Rog\u00e9rio aconselha Ot\u00e1vio"},"content":{"rendered":"<p> <img class=\"alignleft size-thumbnail wp-image-113483\" https:\/\/migracao.redenoticia.com.br\/noticia\/imagens\/no-limite-da-paixao-novela-sbt-resumo-150x112.jpg\" alt=\"\" width=\"150\" height=\"112\" \/><strong><em>Resumo novela \u201cNo Limite da Paix\u00e3o\u201d 26\/06<\/em><\/strong>: no cap\u00edtulo 026(*) da novela \u201cNo Limite da Paix\u00e3o\u201d, resumo de segunda-feira, 26 de junho, Maciel entra no quarto, que acredita ser de Maria Madalena, e declara seu amor por ela mas, para sua surpresa descobre que est\u00e1 no quarto de um homem. Fagundes diz que Vicente \u00e9 um homem bom e honesto e aconselha Mirna a dizer toda a verdade sobre sua vida. Caetana diz a Ros\u00e1lia que contratou um detetive particular para procurar seu filho, mas adverte que ter\u00e1 que pagar caro pela informa\u00e7\u00e3o. Maciel confessa para dona Josefa que sempre foi apaixonado por Maria Madalena e diz que gostaria de estar sempre a seu lado para proteg\u00ea-la e ajud\u00e1-la a orientar seus filhos. Rog\u00e9rio diz a Ot\u00e1vio que a cena de ci\u00fame que armou por causa da presen\u00e7a de F\u00e1bio \u00e9 a prova de que continua amando Ana Cristina. E o aconselha a pensar bem antes de tomar uma decis\u00e3o pois poder\u00e1 cometer o maior erro de sua vida. Ot\u00e1vio explica que Frida est\u00e1 ciente de que ele n\u00e3o a ama e que poder\u00e1 deix\u00e1-la se a rela\u00e7\u00e3o dos dois n\u00e3o der certo. Rebeca ouve quando Maria Madalena, desesperada diante do filho inconsciente, diz a Jos\u00e9 Alfredo que \u00e9 sua verdadeira m\u00e3e e que Gabriel \u00e9 filho de Ros\u00e1lia. Ot\u00e1vio diz a Juliana que existe algo nela que o faz lembrar de Ana Cristina. Rog\u00e9rio conta para Ot\u00e1vio que faz mais de vinte anos que perdeu sua esposa e sua outra filha. Ot\u00e1vio fica muito intrigado ao lembrar que Leonela foi o \u00fanico e grande amor de seu tio Fernando.<\/p>\n<p>(*) edi\u00e7\u00e3o do SBT, Novela \u201cNo Limite da Paix\u00e3o\u201d, sujeito a altera\u00e7\u00e3o de data e conte\u00fado.<\/p>\n<p>\u201cNo Limite da Paix\u00e3o\u201d \u00e9 uma telenovela mexicana produzida por Salvador Mej\u00eda Alejandre para a Televisa e exibida pelo Canal de las Estrellas entre 11 de fevereiro e 2 de agosto de 2002. A trama \u00e9 baseada em Cadena de odio, uma radionovela de Hilda Morales Allois. Foi adaptada livremente por Liliana Abud, dire\u00e7\u00e3o de Miguel C\u00f3rcega e produ\u00e7\u00e3o executiva de Nathalie Lartilleux. A trama \u00e9 protagonizada por Susana Gonz\u00e1lez e C\u00e9sar \u00c9vora e antagonizada por Sabine Moussier e Alberto Estrella.<\/p>\n<p>Sinopse: Ana Cristina e Ot\u00e1vio ter\u00e3o que ultrapassar as barreiras das mentiras e enfrentar o sentimento que os condena. Rodeados das m\u00e1s inten\u00e7\u00f5es de seus inimigos, e os problemas que ter\u00e3o um a um at\u00e9 chegar a sua meta: estar juntos sem importar o passado. Ana Cristina \u00e9 uma jovem charmosa e de car\u00e1ter forte, \u00e9 a protegida de seu av\u00f4, Fernando Villareal. Quando Fernando fica doente, seu sobrinho Ot\u00e1vio Villareal, um homem cheio de rancor porque seu tio impediu seu casamento com sua amada Frida, viaja para v\u00ea-lo. Fernando morre, deixando em seu testamento a f\u00e1brica de sapatos para Ot\u00e1vio e Ana Cristina: eles s\u00e3o sua \u00fanica fam\u00edlia, mas como condi\u00e7\u00e3o devem se casar e viver juntos um ano antes de decidir o que fazer com a empresa. Maciel, o capataz das terras Villareal, come\u00e7a a caluniar a inofensiva Ana Cristina e convence Ot\u00e1vio para que busque Frida. Sem imaginar, com a conviv\u00eancia cresce um amor profundo entre os dois: ambos s\u00e3o v\u00edtimas de um grande \u00f3dio por parte de Maciel e Frida, ex-prometida de Ot\u00e1vio, que fazem at\u00e9 o imposs\u00edvel para separar os dois. Ot\u00e1vio dever\u00e1 decidir entre o filho que espera agora sua amada esposa Ana Cristina, e o filho de sua amante Frida que, na verdade, n\u00e3o \u00e9 seu. Mas a chegada de Martha, uma mulher misteriosa e obscura vai mudar completamente e vida de Ana Cristina e Ot\u00e1vio. Ela far\u00e1 de tudo para defender Ana Cristina nem que para isso precise revelar um grande segredo que guarda.<\/p>\n","protected":false},"excerpt":{"rendered":"","protected":false},"author":2,"featured_media":113483,"comment_status":"open","ping_status":"closed","sticky":false,"template":"","format":"standard","meta":{"tdm_status":"","tdm_grid_status":"","footnotes":""},"categories":[379,372,343],"tags":[441],"class_list":{"0":"post-115756","1":"post","2":"type-post","3":"status-publish","4":"format-standard","5":"has-post-thumbnail","7":"category-novelas","8":"category-sbt","9":"category-televisao","10":"tag-resumo-do-dia"},"_links":{"self":[{"href":"https:\/\/migracao.redenoticia.com.br\/noticia\/wp-json\/wp\/v2\/posts\/115756","targetHints":{"allow":["GET"]}}],"collection":[{"href":"https:\/\/migracao.redenoticia.com.br\/noticia\/wp-json\/wp\/v2\/posts"}],"about":[{"href":"https:\/\/migracao.redenoticia.com.br\/noticia\/wp-json\/wp\/v2\/types\/post"}],"author":[{"embeddable":true,"href":"https:\/\/migracao.redenoticia.com.br\/noticia\/wp-json\/wp\/v2\/users\/2"}],"replies":[{"embeddable":true,"href":"https:\/\/migracao.redenoticia.com.br\/noticia\/wp-json\/wp\/v2\/comments?post=115756"}],"version-history":[{"count":0,"href":"https:\/\/migracao.redenoticia.com.br\/noticia\/wp-json\/wp\/v2\/posts\/115756\/revisions"}],"wp:featuredmedia":[{"embeddable":true,"href":"https:\/\/migracao.redenoticia.com.br\/noticia\/wp-json\/wp\/v2\/media\/113483"}],"wp:attachment":[{"href":"https:\/\/migracao.redenoticia.com.br\/noticia\/wp-json\/wp\/v2\/media?parent=115756"}],"wp:term":[{"taxonomy":"category","embeddable":true,"href":"https:\/\/migracao.redenoticia.com.br\/noticia\/wp-json\/wp\/v2\/categories?post=115756"},{"taxonomy":"post_tag","embeddable":true,"href":"https:\/\/migracao.redenoticia.com.br\/noticia\/wp-json\/wp\/v2\/tags?post=115756"}],"curies":[{"name":"wp","href":"https:\/\/api.w.org\/{rel}","templated":true}]}}