{"id":115773,"date":"2017-06-24T16:41:30","date_gmt":"2017-06-24T19:41:30","guid":{"rendered":"https:\/\/www.redenoticia.com.br\/noticia\/?p=115773"},"modified":"2017-06-23T16:43:27","modified_gmt":"2017-06-23T19:43:27","slug":"resumo-novela-novo-mundo-2606-thomas-e-anna-trocam-ameacas","status":"publish","type":"post","link":"https:\/\/migracao.redenoticia.com.br\/noticia\/2017\/resumo-novela-novo-mundo-2606-thomas-e-anna-trocam-ameacas\/115773","title":{"rendered":"Resumo novela \u201cNovo Mundo\u201d 26\/06: Thomas e Anna trocam amea\u00e7as"},"content":{"rendered":"<p> <img loading=\"lazy\" decoding=\"async\" class=\"alignleft size-thumbnail wp-image-107950\" src=\"https:\/\/migracao.redenoticia.com.br\/noticia\/imagens\/novo_mundo_novela_resumo_globo-150x112.jpg\" alt=\"\" width=\"150\" height=\"112\" srcset=\"https:\/\/migracao.redenoticia.com.br\/noticia\/imagens\/novo_mundo_novela_resumo_globo-150x112.jpg 150w, https:\/\/migracao.redenoticia.com.br\/noticia\/imagens\/novo_mundo_novela_resumo_globo-265x198.jpg 265w\" sizes=\"auto, (max-width: 150px) 100vw, 150px\" \/><strong><em>Resumo novela \u201cNovo Mundo\u201d 26\/06<\/em><\/strong>: no cap\u00edtulo 083(*) da novela \u201cNovo Mundo\u201d, resumo de segunda-feira, 26 de junho, Elvira se finge de morta para despistar Jacinto. Leopoldina confessa a Bonif\u00e1cio sua tristeza com a nova paix\u00e3o de Pedro. Domitila convence Dom Pedro a convocar Francisco para trabalhar a seu lado no Pa\u00e7o. Bonif\u00e1cio tenta impedir a transfer\u00eancia de Joaquim. Thomas e Anna trocam amea\u00e7as. Tibiri\u00e7\u00e1 afirma a Ubirajara que Piat\u00e3 ser\u00e1 Paj\u00e9. Germana se insinua para Hugo, que pede ajuda a Quinzinho. Elvira finge para Jacinto que perdeu a mem\u00f3ria. Com a ajuda de Matias, Cec\u00edlia reencontra Lib\u00e9rio. Jacira se desespera ao encontrar Piat\u00e3 desacordado. Ferdinando decide deixar a casa de Diara e Wolfgang. Leopoldina questiona Narcisa sobre a nova amante de Pedro. Joaquim \u00e9 transferido.<\/p>\n<p>(*) edi\u00e7\u00e3o da Rede Globo, Novela \u201cNovo Mundo\u201d, sujeito a altera\u00e7\u00e3o de data e conte\u00fado.<\/p>\n<p>Novo Mundo \u00e9 uma telenovela brasileira produzida pela Rede Globo. Escrita por Thereza Falc\u00e3o e Alessandro Marson, conta com dire\u00e7\u00e3o art\u00edstica de Vin\u00edcius Coimbra. Conta com as participa\u00e7\u00f5es de Isabelle Drummond, Chay Suede, Caio Castro, Let\u00edcia Colin, Leo Jaime, D\u00e9bora Olivieri, Rodrigo Simas, Giullia Buscacio, Vivianne Pasmanter, Guilherme Piva, R\u00f4mulo Estrela, Agatha Moreira, Luisa Micheletti, Gabriel Braga Nunes, e Ingrid Guimar\u00e3es. <\/p>\n","protected":false},"excerpt":{"rendered":"<p>Resumo novela \u201cNovo Mundo\u201d 26\/06: no cap\u00edtulo 083(*) da novela \u201cNovo Mundo\u201d, resumo de segunda-feira, 26 de junho, Elvira se finge de morta para despistar Jacinto. Leopoldina confessa a Bonif\u00e1cio sua tristeza com a nova paix\u00e3o de Pedro. Domitila convence Dom Pedro a convocar Francisco para trabalhar a seu lado no Pa\u00e7o. Bonif\u00e1cio tenta impedir [&hellip;]<\/p>\n","protected":false},"author":2,"featured_media":107950,"comment_status":"open","ping_status":"closed","sticky":false,"template":"","format":"standard","meta":{"tdm_status":"","tdm_grid_status":"","footnotes":""},"categories":[379,375,343],"tags":[441],"class_list":{"0":"post-115773","1":"post","2":"type-post","3":"status-publish","4":"format-standard","5":"has-post-thumbnail","7":"category-novelas","8":"category-rede-globo","9":"category-televisao","10":"tag-resumo-do-dia"},"_links":{"self":[{"href":"https:\/\/migracao.redenoticia.com.br\/noticia\/wp-json\/wp\/v2\/posts\/115773","targetHints":{"allow":["GET"]}}],"collection":[{"href":"https:\/\/migracao.redenoticia.com.br\/noticia\/wp-json\/wp\/v2\/posts"}],"about":[{"href":"https:\/\/migracao.redenoticia.com.br\/noticia\/wp-json\/wp\/v2\/types\/post"}],"author":[{"embeddable":true,"href":"https:\/\/migracao.redenoticia.com.br\/noticia\/wp-json\/wp\/v2\/users\/2"}],"replies":[{"embeddable":true,"href":"https:\/\/migracao.redenoticia.com.br\/noticia\/wp-json\/wp\/v2\/comments?post=115773"}],"version-history":[{"count":0,"href":"https:\/\/migracao.redenoticia.com.br\/noticia\/wp-json\/wp\/v2\/posts\/115773\/revisions"}],"wp:featuredmedia":[{"embeddable":true,"href":"https:\/\/migracao.redenoticia.com.br\/noticia\/wp-json\/wp\/v2\/media\/107950"}],"wp:attachment":[{"href":"https:\/\/migracao.redenoticia.com.br\/noticia\/wp-json\/wp\/v2\/media?parent=115773"}],"wp:term":[{"taxonomy":"category","embeddable":true,"href":"https:\/\/migracao.redenoticia.com.br\/noticia\/wp-json\/wp\/v2\/categories?post=115773"},{"taxonomy":"post_tag","embeddable":true,"href":"https:\/\/migracao.redenoticia.com.br\/noticia\/wp-json\/wp\/v2\/tags?post=115773"}],"curies":[{"name":"wp","href":"https:\/\/api.w.org\/{rel}","templated":true}]}}