{"id":1158,"date":"2009-05-04T19:09:44","date_gmt":"2009-05-04T23:09:44","guid":{"rendered":"http:\/\/www.redenoticia.com.br\/noticia\/?p=1158"},"modified":"2009-05-04T19:09:44","modified_gmt":"2009-05-04T23:09:44","slug":"supremo-julgara-acao-penal-contra-raupp","status":"publish","type":"post","link":"https:\/\/migracao.redenoticia.com.br\/noticia\/2009\/supremo-julgara-acao-penal-contra-raupp\/1158","title":{"rendered":"Supremo julgar\u00e1 a\u00e7\u00e3o penal contra Raupp"},"content":{"rendered":"<p class=\"NormalWeb11\" style=\"background: #f8f8ef none repeat scroll 0%;\"><span style=\"font-size: 12pt; font-family: Arial; color: windowtext;\"><a href=\"https:\/\/migracao.redenoticia.com.br\/noticia\/imagens\/\/raupp.jpg\"><img loading=\"lazy\" decoding=\"async\" class=\"alignleft size-full wp-image-1159\" title=\"raupp\" src=\"https:\/\/migracao.redenoticia.com.br\/noticia\/imagens\/\/raupp.jpg\" alt=\"raupp\" width=\"150\" height=\"113\" \/><\/a>Na pauta do Supremo desta quinta feira consta que o senador Valdir Raupp ser\u00e1 o alvo dos ministros.<\/span><\/p>\n<p class=\"NormalWeb11\" style=\"background: #f8f8ef none repeat scroll 0%;\"><span style=\"font-size: 12pt; font-family: Arial; color: windowtext;\">Ser\u00e1 decidido em plen\u00e1rio a abertura ou n\u00e3o de a\u00e7\u00e3o penal contra o senador. Raupp, que \u00e9\u00a0suspeito de desvio de verbas na \u00e9poca em que foi governador de Rond\u00f4nia, em 1997.<\/span><\/p>\n<p class=\"MsoNormal\"><span style=\"font-family: Arial;\">O julgamento, iniciado em 2007, havia sido suspenso no dia 12 de fevereiro por um pedido de vista. <\/span><\/p>\n<p class=\"MsoNormal\"><span style=\"font-family: Arial;\">Raupp teria aplicado de forma irregular parte de recurso obtido por meio de um empr\u00e9stimo do Banco Mundial (Bird). <\/span><\/p>\n<p class=\"MsoNormal\"><span style=\"font-family: Arial;\">Raupp nega a acusa\u00e7\u00e3o. <\/span><\/p>\n","protected":false},"excerpt":{"rendered":"<p>Na pauta do Supremo desta quinta feira consta que o senador Valdir Raupp ser\u00e1 o alvo dos ministros. Ser\u00e1 decidido em plen\u00e1rio a abertura ou n\u00e3o de a\u00e7\u00e3o penal contra o senador. Raupp, que \u00e9\u00a0suspeito de desvio de verbas na \u00e9poca em que foi governador de Rond\u00f4nia, em 1997. O julgamento, iniciado em 2007, havia [&hellip;]<\/p>\n","protected":false},"author":3,"featured_media":0,"comment_status":"open","ping_status":"open","sticky":false,"template":"","format":"standard","meta":{"tdm_status":"","tdm_grid_status":"","footnotes":""},"categories":[22],"tags":[],"class_list":{"0":"post-1158","1":"post","2":"type-post","3":"status-publish","4":"format-standard","6":"category-brasil"},"_links":{"self":[{"href":"https:\/\/migracao.redenoticia.com.br\/noticia\/wp-json\/wp\/v2\/posts\/1158","targetHints":{"allow":["GET"]}}],"collection":[{"href":"https:\/\/migracao.redenoticia.com.br\/noticia\/wp-json\/wp\/v2\/posts"}],"about":[{"href":"https:\/\/migracao.redenoticia.com.br\/noticia\/wp-json\/wp\/v2\/types\/post"}],"author":[{"embeddable":true,"href":"https:\/\/migracao.redenoticia.com.br\/noticia\/wp-json\/wp\/v2\/users\/3"}],"replies":[{"embeddable":true,"href":"https:\/\/migracao.redenoticia.com.br\/noticia\/wp-json\/wp\/v2\/comments?post=1158"}],"version-history":[{"count":0,"href":"https:\/\/migracao.redenoticia.com.br\/noticia\/wp-json\/wp\/v2\/posts\/1158\/revisions"}],"wp:attachment":[{"href":"https:\/\/migracao.redenoticia.com.br\/noticia\/wp-json\/wp\/v2\/media?parent=1158"}],"wp:term":[{"taxonomy":"category","embeddable":true,"href":"https:\/\/migracao.redenoticia.com.br\/noticia\/wp-json\/wp\/v2\/categories?post=1158"},{"taxonomy":"post_tag","embeddable":true,"href":"https:\/\/migracao.redenoticia.com.br\/noticia\/wp-json\/wp\/v2\/tags?post=1158"}],"curies":[{"name":"wp","href":"https:\/\/api.w.org\/{rel}","templated":true}]}}