{"id":115817,"date":"2017-06-26T00:04:10","date_gmt":"2017-06-26T03:04:10","guid":{"rendered":"https:\/\/www.redenoticia.com.br\/noticia\/?p=115817"},"modified":"2017-06-25T16:40:29","modified_gmt":"2017-06-25T19:40:29","slug":"programa-vem-pra-usp-oferece-cursinho-online-a-alunos-da-rede-publica","status":"publish","type":"post","link":"https:\/\/migracao.redenoticia.com.br\/noticia\/2017\/programa-vem-pra-usp-oferece-cursinho-online-a-alunos-da-rede-publica\/115817","title":{"rendered":"Programa Vem pra USP oferece cursinho online a alunos da rede p\u00fablica"},"content":{"rendered":"<p> Ag\u00eancia FAPESP \u2013 A Universidade de S\u00e3o Paulo (USP) oferecer\u00e1 <strong><em>cursinho online e gratuito<\/em><\/strong> a alunos do 1\u00ba ao 3\u00ba ano do ensino m\u00e9dio da rede p\u00fablica pelo programa \u201cVem pra USP\u201d. A iniciativa foi concretizada no dia 19 de junho com as assinaturas do protocolo de inten\u00e7\u00f5es entre a USP e a Secretaria da Educa\u00e7\u00e3o do Estado de S\u00e3o Paulo (SEE).<\/p>\n<p>O objetivo \u00e9 incentivar o acesso de estudantes da rede p\u00fablica de ensino a cursos de gradua\u00e7\u00e3o da USP.<\/p>\n<p>Um grupo selecionado de alunos ter\u00e1 acesso, por plataforma online, \u00e0s aulas elaborados pelos professores dos cursinhos populares da Escola Polit\u00e9cnica e do Instituto de Matem\u00e1tica e Estat\u00edstica. No caso, a plataforma online usada \u00e9 o sistema , que \u00e9 o servi\u00e7o web de conte\u00fados educacionais em m\u00eddia digital da USP.<\/p>\n<p>Os alunos poder\u00e3o participar de aulas preparat\u00f3rias e de monitoria de estudos on-line, de acordo com o ano que estiverem cursando.<\/p>\n<p>Sele\u00e7\u00e3o<\/p>\n<p>Para participar do programa, os alunos dever\u00e3o se inscrever na Competi\u00e7\u00e3o USP de Conhecimentos, que ser\u00e1 organizada pela Funda\u00e7\u00e3o Universit\u00e1ria para o Vestibular (Fuvest) e ter\u00e1 duas fases. A primeira consistir\u00e1 em uma prova on-line com quest\u00f5es de m\u00faltipla escolha de conhecimentos gerais e atualidades.<\/p>\n<p>A segunda fase ser\u00e1 uma prova presencial nas unidades do programa Escola da Fam\u00edlia da SEE, em regi\u00f5es definidas previamente. A prova ter\u00e1 45 quest\u00f5es de m\u00faltipla escolha: 15 de matem\u00e1tica, 15 de portugu\u00eas, dez de ci\u00eancias e cinco de conhecimentos gerais.<\/p>\n<p>Os mais bem classificados do 3\u00ba ano ser\u00e3o contemplados com visitas guiadas \u00e0 USP e a institutos de pesquisa, como o Instituto Butantan. Al\u00e9m disso, ter\u00e3o isen\u00e7\u00e3o na taxa de inscri\u00e7\u00e3o da Fuvest e receber\u00e3o b\u00f4nus de at\u00e9 25% nas notas das provas da primeira e segunda fases do vestibular.<\/p>\n<p>As inscri\u00e7\u00f5es ser\u00e3o abertas em agosto e as provas, realizadas em setembro.<\/p>\n<p>Leia mais em: .<\/p>\n","protected":false},"excerpt":{"rendered":"<p>Ag\u00eancia FAPESP \u2013 A Universidade de S\u00e3o Paulo (USP) oferecer\u00e1 cursinho online e gratuito a alunos do 1\u00ba ao 3\u00ba ano do ensino m\u00e9dio da rede p\u00fablica pelo programa \u201cVem pra USP\u201d. A iniciativa foi concretizada no dia 19 de junho com as assinaturas do protocolo de inten\u00e7\u00f5es entre a USP e a Secretaria da [&hellip;]<\/p>\n","protected":false},"author":2,"featured_media":57577,"comment_status":"open","ping_status":"closed","sticky":false,"template":"","format":"standard","meta":{"tdm_status":"","tdm_grid_status":"","footnotes":""},"categories":[22,370,295],"tags":[],"class_list":{"0":"post-115817","1":"post","2":"type-post","3":"status-publish","4":"format-standard","5":"has-post-thumbnail","7":"category-brasil","8":"category-inscricao","9":"category-vestibular"},"_links":{"self":[{"href":"https:\/\/migracao.redenoticia.com.br\/noticia\/wp-json\/wp\/v2\/posts\/115817","targetHints":{"allow":["GET"]}}],"collection":[{"href":"https:\/\/migracao.redenoticia.com.br\/noticia\/wp-json\/wp\/v2\/posts"}],"about":[{"href":"https:\/\/migracao.redenoticia.com.br\/noticia\/wp-json\/wp\/v2\/types\/post"}],"author":[{"embeddable":true,"href":"https:\/\/migracao.redenoticia.com.br\/noticia\/wp-json\/wp\/v2\/users\/2"}],"replies":[{"embeddable":true,"href":"https:\/\/migracao.redenoticia.com.br\/noticia\/wp-json\/wp\/v2\/comments?post=115817"}],"version-history":[{"count":0,"href":"https:\/\/migracao.redenoticia.com.br\/noticia\/wp-json\/wp\/v2\/posts\/115817\/revisions"}],"wp:featuredmedia":[{"embeddable":true,"href":"https:\/\/migracao.redenoticia.com.br\/noticia\/wp-json\/wp\/v2\/media\/57577"}],"wp:attachment":[{"href":"https:\/\/migracao.redenoticia.com.br\/noticia\/wp-json\/wp\/v2\/media?parent=115817"}],"wp:term":[{"taxonomy":"category","embeddable":true,"href":"https:\/\/migracao.redenoticia.com.br\/noticia\/wp-json\/wp\/v2\/categories?post=115817"},{"taxonomy":"post_tag","embeddable":true,"href":"https:\/\/migracao.redenoticia.com.br\/noticia\/wp-json\/wp\/v2\/tags?post=115817"}],"curies":[{"name":"wp","href":"https:\/\/api.w.org\/{rel}","templated":true}]}}