{"id":115827,"date":"2017-06-26T00:09:59","date_gmt":"2017-06-26T03:09:59","guid":{"rendered":"https:\/\/www.redenoticia.com.br\/noticia\/?p=115827"},"modified":"2017-06-25T16:44:56","modified_gmt":"2017-06-25T19:44:56","slug":"convocacao-de-candidatos-que-ficaram-na-lista-de-espera-do-sisu-comeca-amanha","status":"publish","type":"post","link":"https:\/\/migracao.redenoticia.com.br\/noticia\/2017\/convocacao-de-candidatos-que-ficaram-na-lista-de-espera-do-sisu-comeca-amanha\/115827","title":{"rendered":"Convoca\u00e7\u00e3o de candidatos que ficaram na lista de espera do Sisu come\u00e7a amanh\u00e3"},"content":{"rendered":"<p> A partir desta segunda-feira (26), os candidatos que ficaram na lista de espera da segunda edi\u00e7\u00e3o de 2017 do Sistema de Sele\u00e7\u00e3o Unificada (<strong><em>Sisu<\/em><\/strong>) v\u00e3o come\u00e7ar a ser convocados. O chamamento dos estudantes para a matr\u00edcula ser\u00e1 feito pelas institui\u00e7\u00f5es de ensino, mas os candidatos devem acompanhar as convoca\u00e7\u00f5es da lista de espera na institui\u00e7\u00e3o pela qual tenha manifestado interesse.<\/p>\n<p>A lista de espera do Sisu foi aberta aos candidatos que n\u00e3o foram selecionados na chamada regular ou que foram aprovados somente para a segunda op\u00e7\u00e3o de curso, tendo ou n\u00e3o feito a matr\u00edcula. A lista \u00e9 restrita \u00e0 primeira op\u00e7\u00e3o de vaga do candidato.<\/p>\n<p>O Sisu \u00e9 o sistema informatizado gerenciado pelo Minist\u00e9rio da Educa\u00e7\u00e3o que oferece vagas no ensino superior p\u00fablico com base na nota do Exame Nacional do Ensino M\u00e9dio (Enem). Nesse processo seletivo, foram ofertadas 51.913 vagas em 1.462 cursos de 63 institui\u00e7\u00f5es de ensino, entre universidades federais e estaduais, institutos federais e institui\u00e7\u00f5es estaduais.<\/p>\n<p>Sabrina Craide \u2013 Rep\u00f3rter da Ag\u00eancia Brasil<br \/>\nEdi\u00e7\u00e3o: Wellton M\u00e1ximo<br \/>\n26\/06\/2017<\/p>\n","protected":false},"excerpt":{"rendered":"<p>A partir desta segunda-feira (26), os candidatos que ficaram na lista de espera da segunda edi\u00e7\u00e3o de 2017 do Sistema de Sele\u00e7\u00e3o Unificada (Sisu) v\u00e3o come\u00e7ar a ser convocados. O chamamento dos estudantes para a matr\u00edcula ser\u00e1 feito pelas institui\u00e7\u00f5es de ensino, mas os candidatos devem acompanhar as convoca\u00e7\u00f5es da lista de espera na institui\u00e7\u00e3o [&hellip;]<\/p>\n","protected":false},"author":2,"featured_media":22752,"comment_status":"open","ping_status":"closed","sticky":false,"template":"","format":"standard","meta":{"tdm_status":"","tdm_grid_status":"","footnotes":""},"categories":[22,370,295],"tags":[],"class_list":{"0":"post-115827","1":"post","2":"type-post","3":"status-publish","4":"format-standard","5":"has-post-thumbnail","7":"category-brasil","8":"category-inscricao","9":"category-vestibular"},"_links":{"self":[{"href":"https:\/\/migracao.redenoticia.com.br\/noticia\/wp-json\/wp\/v2\/posts\/115827","targetHints":{"allow":["GET"]}}],"collection":[{"href":"https:\/\/migracao.redenoticia.com.br\/noticia\/wp-json\/wp\/v2\/posts"}],"about":[{"href":"https:\/\/migracao.redenoticia.com.br\/noticia\/wp-json\/wp\/v2\/types\/post"}],"author":[{"embeddable":true,"href":"https:\/\/migracao.redenoticia.com.br\/noticia\/wp-json\/wp\/v2\/users\/2"}],"replies":[{"embeddable":true,"href":"https:\/\/migracao.redenoticia.com.br\/noticia\/wp-json\/wp\/v2\/comments?post=115827"}],"version-history":[{"count":0,"href":"https:\/\/migracao.redenoticia.com.br\/noticia\/wp-json\/wp\/v2\/posts\/115827\/revisions"}],"wp:featuredmedia":[{"embeddable":true,"href":"https:\/\/migracao.redenoticia.com.br\/noticia\/wp-json\/wp\/v2\/media\/22752"}],"wp:attachment":[{"href":"https:\/\/migracao.redenoticia.com.br\/noticia\/wp-json\/wp\/v2\/media?parent=115827"}],"wp:term":[{"taxonomy":"category","embeddable":true,"href":"https:\/\/migracao.redenoticia.com.br\/noticia\/wp-json\/wp\/v2\/categories?post=115827"},{"taxonomy":"post_tag","embeddable":true,"href":"https:\/\/migracao.redenoticia.com.br\/noticia\/wp-json\/wp\/v2\/tags?post=115827"}],"curies":[{"name":"wp","href":"https:\/\/api.w.org\/{rel}","templated":true}]}}