{"id":115837,"date":"2017-07-01T00:04:02","date_gmt":"2017-07-01T03:04:02","guid":{"rendered":"https:\/\/www.redenoticia.com.br\/noticia\/?p=115837"},"modified":"2017-07-03T16:03:02","modified_gmt":"2017-07-03T19:03:02","slug":"novela-ribeirao-do-tempo-resumo-0307-arminda-desabafa-com-filomena","status":"publish","type":"post","link":"https:\/\/migracao.redenoticia.com.br\/noticia\/2017\/novela-ribeirao-do-tempo-resumo-0307-arminda-desabafa-com-filomena\/115837","title":{"rendered":"Novela \u201cRibeir\u00e3o do Tempo\u201d resumo 03\/07: Diana v\u00ea L\u00edlian machucada"},"content":{"rendered":"<p> <img loading=\"lazy\" decoding=\"async\" src=\"https:\/\/migracao.redenoticia.com.br\/noticia\/imagens\/ribeirao_do_tempo_novela_record_resumo-150x112.jpg\" alt=\"\" width=\"150\" height=\"112\" class=\"alignleft size-thumbnail wp-image-108265\" srcset=\"https:\/\/migracao.redenoticia.com.br\/noticia\/imagens\/ribeirao_do_tempo_novela_record_resumo-150x112.jpg 150w, https:\/\/migracao.redenoticia.com.br\/noticia\/imagens\/ribeirao_do_tempo_novela_record_resumo-265x198.jpg 265w\" sizes=\"auto, (max-width: 150px) 100vw, 150px\" \/><strong><em>Novela \u201cRibeir\u00e3o do Tempo\u201d resumo 03\/07<\/em><\/strong>: no capitulo 085 (*) da novela \u201cRibeir\u00e3o do Tempo\u201d, segunda-feira, 03 de julho, Bruno conta a Teixeira e \u00e0 C\u00e9lia que fez um relat\u00f3rio das atitudes de Arminda, enfatizando que ela n\u00e3o est\u00e1 protegendo os herdeiros, e enviou para a diretoria da Europa. Fil\u00f3 diz a Carmem que ficou chateada porque Tito n\u00e3o contou que encontrou Karina. S\u00e9rgio fala para Ajuricaba que seus pais v\u00e3o ao almo\u00e7o de anivers\u00e1rio dele. Arminda e Diana chegam \u00e0 fazenda e s\u00e3o recebidas por Beatriz e Larissa.<\/p>\n<p>Karina fala para a m\u00e3e que acha que o rompimento dela com Tito foi bom, afinal ele \u00e9 cheio de d\u00edvidas. Diana fala para Beatriz que a fazenda dela \u00e9 muito interessante. Karina liga para Nicolau e ele finge que est\u00e1 falando com uma senadora. Ajuricaba diz a Virg\u00ednia que o almo\u00e7o do seu anivers\u00e1rio ser\u00e1 tamb\u00e9m um evento pol\u00edtico. S\u00f4nia e Andr\u00e9 resolvem contar a verdade para seus pais sobre o namoro deles. Nicolau diz \u00e0 Arminda que o casamento deles \u00e9 interessante para os dois. Arminda concorda. Romeu conta a Quer\u00eancio que Sancha topou fazer o bolo do casamento de Fil\u00f3 e o pintor diz que n\u00e3o quer saber nada sobre o evento. <\/p>\n<p>Beatriz faz um brinde \u00e0 felicidade de Nicolau e Arminda. Arminda diz a Nicolau que prefere pensar um pouco antes de tomar uma decis\u00e3o. Bruno e Teixeira dizem a Quer\u00eancio que Arminda n\u00e3o \u00e9 de confian\u00e7a. Diana devora a sobremesa e Arminda chama a aten\u00e7\u00e3o dela. Diana vai ao banheiro e se assusta ao ver L\u00edlian toda machucada. Virg\u00ednia aconselha Ajuricaba a convidar Nicolau para o almo\u00e7o. Diana conta a Arminda que viu uma mo\u00e7a de olhos claros toda machucada quando saiu do banheiro.  <\/p>\n<p>(*) edi\u00e7\u00e3o da Rede Record, Novela \u201cRibeir\u00e3o do Tempo\u201d, sujeito a altera\u00e7\u00e3o de data e conte\u00fado.<\/p>\n","protected":false},"excerpt":{"rendered":"<p>Novela \u201cRibeir\u00e3o do Tempo\u201d resumo 03\/07: no capitulo 085 (*) da novela \u201cRibeir\u00e3o do Tempo\u201d, segunda-feira, 03 de julho, Bruno conta a Teixeira e \u00e0 C\u00e9lia que fez um relat\u00f3rio das atitudes de Arminda, enfatizando que ela n\u00e3o est\u00e1 protegendo os herdeiros, e enviou para a diretoria da Europa. Fil\u00f3 diz a Carmem que ficou [&hellip;]<\/p>\n","protected":false},"author":2,"featured_media":108265,"comment_status":"open","ping_status":"closed","sticky":false,"template":"","format":"standard","meta":{"tdm_status":"","tdm_grid_status":"","footnotes":""},"categories":[379,371,343],"tags":[441],"class_list":{"0":"post-115837","1":"post","2":"type-post","3":"status-publish","4":"format-standard","5":"has-post-thumbnail","7":"category-novelas","8":"category-rede-record","9":"category-televisao","10":"tag-resumo-do-dia"},"_links":{"self":[{"href":"https:\/\/migracao.redenoticia.com.br\/noticia\/wp-json\/wp\/v2\/posts\/115837","targetHints":{"allow":["GET"]}}],"collection":[{"href":"https:\/\/migracao.redenoticia.com.br\/noticia\/wp-json\/wp\/v2\/posts"}],"about":[{"href":"https:\/\/migracao.redenoticia.com.br\/noticia\/wp-json\/wp\/v2\/types\/post"}],"author":[{"embeddable":true,"href":"https:\/\/migracao.redenoticia.com.br\/noticia\/wp-json\/wp\/v2\/users\/2"}],"replies":[{"embeddable":true,"href":"https:\/\/migracao.redenoticia.com.br\/noticia\/wp-json\/wp\/v2\/comments?post=115837"}],"version-history":[{"count":0,"href":"https:\/\/migracao.redenoticia.com.br\/noticia\/wp-json\/wp\/v2\/posts\/115837\/revisions"}],"wp:featuredmedia":[{"embeddable":true,"href":"https:\/\/migracao.redenoticia.com.br\/noticia\/wp-json\/wp\/v2\/media\/108265"}],"wp:attachment":[{"href":"https:\/\/migracao.redenoticia.com.br\/noticia\/wp-json\/wp\/v2\/media?parent=115837"}],"wp:term":[{"taxonomy":"category","embeddable":true,"href":"https:\/\/migracao.redenoticia.com.br\/noticia\/wp-json\/wp\/v2\/categories?post=115837"},{"taxonomy":"post_tag","embeddable":true,"href":"https:\/\/migracao.redenoticia.com.br\/noticia\/wp-json\/wp\/v2\/tags?post=115837"}],"curies":[{"name":"wp","href":"https:\/\/api.w.org\/{rel}","templated":true}]}}