{"id":115839,"date":"2017-06-26T16:40:39","date_gmt":"2017-06-26T19:40:39","guid":{"rendered":"https:\/\/www.redenoticia.com.br\/noticia\/?p=115839"},"modified":"2017-06-27T16:15:37","modified_gmt":"2017-06-27T19:15:37","slug":"novela-ribeirao-do-tempo-resumo-2706-ajuricaba-e-lincon-trocam-farpas","status":"publish","type":"post","link":"https:\/\/migracao.redenoticia.com.br\/noticia\/2017\/novela-ribeirao-do-tempo-resumo-2706-ajuricaba-e-lincon-trocam-farpas\/115839","title":{"rendered":"Novela \u201cRibeir\u00e3o do Tempo\u201d resumo 27\/06: Ajuricaba e Lincon trocam farpas"},"content":{"rendered":"<p> <img loading=\"lazy\" decoding=\"async\" src=\"https:\/\/migracao.redenoticia.com.br\/noticia\/imagens\/ribeirao_do_tempo_novela_record_resumo-150x112.jpg\" alt=\"\" width=\"150\" height=\"112\" class=\"alignleft size-thumbnail wp-image-108265\" srcset=\"https:\/\/migracao.redenoticia.com.br\/noticia\/imagens\/ribeirao_do_tempo_novela_record_resumo-150x112.jpg 150w, https:\/\/migracao.redenoticia.com.br\/noticia\/imagens\/ribeirao_do_tempo_novela_record_resumo-265x198.jpg 265w\" sizes=\"auto, (max-width: 150px) 100vw, 150px\" \/><strong><em>Novela \u201cRibeir\u00e3o do Tempo\u201d resumo 27\/06<\/em><\/strong>: no capitulo 081 (*) da novela \u201cRibeir\u00e3o do Tempo\u201d, ter\u00e7a-feira, 27 de junho, Filomena procura Teixeira para conversar. Clor\u00eds procura Beatriz e explica sobre a situa\u00e7\u00e3o complicada que est\u00e1 vivendo. Teixeira fala para Filomena que n\u00e3o vai ajud\u00e1-la a convencer Quer\u00eancio a assinar o documento. Tito fica irritado ao saber que Clor\u00eds procurou Nicolau. Clor\u00eds conta que Beatriz se comprometeu a aumentar em trinta por cento a oferta. <\/p>\n<p>Tito fica ainda mais furioso. Filomena desabafa com Joca, que afirma que vai investigar a hist\u00f3ria do acidente. Joca promete a Fil\u00f3 que vai falar com Arminda para convencer Quer\u00eancio a ajud\u00e1-la. Teixeira e Bruno procuram Quer\u00eancio e o aconselham a impedir o casamento de Filomena. Joca liga para Arminda e pede que ela ajudar Fil\u00f3. Arminda diz a Quer\u00eancio que acha que ele deve fazer o que Filomena est\u00e1 pedindo. Quer\u00eancio vai at\u00e9 o solar para conversar com a filha.<\/p>\n<p>Lincon entrevista Ari. Quer\u00eancio conta a Filomena que Arminda o procurou para dar for\u00e7a para ele concordar com o aval do empr\u00e9stimo. Ele diz \u00e0 filha que vai fazer o que ela pediu, mas ressalta que para isso ela n\u00e3o vai tocar mais em heran\u00e7a nenhuma. Os dois v\u00e3o ao banco. <\/p>\n<p>(*) edi\u00e7\u00e3o da Rede Record, Novela \u201cRibeir\u00e3o do Tempo\u201d, sujeito a altera\u00e7\u00e3o de data e conte\u00fado.<\/p>\n","protected":false},"excerpt":{"rendered":"<p>Novela \u201cRibeir\u00e3o do Tempo\u201d resumo 27\/06: no capitulo 081 (*) da novela \u201cRibeir\u00e3o do Tempo\u201d, ter\u00e7a-feira, 27 de junho, Filomena procura Teixeira para conversar. Clor\u00eds procura Beatriz e explica sobre a situa\u00e7\u00e3o complicada que est\u00e1 vivendo. Teixeira fala para Filomena que n\u00e3o vai ajud\u00e1-la a convencer Quer\u00eancio a assinar o documento. Tito fica irritado ao [&hellip;]<\/p>\n","protected":false},"author":2,"featured_media":108265,"comment_status":"open","ping_status":"closed","sticky":false,"template":"","format":"standard","meta":{"tdm_status":"","tdm_grid_status":"","footnotes":""},"categories":[379,371,343],"tags":[441],"class_list":{"0":"post-115839","1":"post","2":"type-post","3":"status-publish","4":"format-standard","5":"has-post-thumbnail","7":"category-novelas","8":"category-rede-record","9":"category-televisao","10":"tag-resumo-do-dia"},"_links":{"self":[{"href":"https:\/\/migracao.redenoticia.com.br\/noticia\/wp-json\/wp\/v2\/posts\/115839","targetHints":{"allow":["GET"]}}],"collection":[{"href":"https:\/\/migracao.redenoticia.com.br\/noticia\/wp-json\/wp\/v2\/posts"}],"about":[{"href":"https:\/\/migracao.redenoticia.com.br\/noticia\/wp-json\/wp\/v2\/types\/post"}],"author":[{"embeddable":true,"href":"https:\/\/migracao.redenoticia.com.br\/noticia\/wp-json\/wp\/v2\/users\/2"}],"replies":[{"embeddable":true,"href":"https:\/\/migracao.redenoticia.com.br\/noticia\/wp-json\/wp\/v2\/comments?post=115839"}],"version-history":[{"count":0,"href":"https:\/\/migracao.redenoticia.com.br\/noticia\/wp-json\/wp\/v2\/posts\/115839\/revisions"}],"wp:featuredmedia":[{"embeddable":true,"href":"https:\/\/migracao.redenoticia.com.br\/noticia\/wp-json\/wp\/v2\/media\/108265"}],"wp:attachment":[{"href":"https:\/\/migracao.redenoticia.com.br\/noticia\/wp-json\/wp\/v2\/media?parent=115839"}],"wp:term":[{"taxonomy":"category","embeddable":true,"href":"https:\/\/migracao.redenoticia.com.br\/noticia\/wp-json\/wp\/v2\/categories?post=115839"},{"taxonomy":"post_tag","embeddable":true,"href":"https:\/\/migracao.redenoticia.com.br\/noticia\/wp-json\/wp\/v2\/tags?post=115839"}],"curies":[{"name":"wp","href":"https:\/\/api.w.org\/{rel}","templated":true}]}}