{"id":115847,"date":"2017-06-26T16:44:38","date_gmt":"2017-06-26T19:44:38","guid":{"rendered":"https:\/\/www.redenoticia.com.br\/noticia\/?p=115847"},"modified":"2017-06-27T21:42:02","modified_gmt":"2017-06-28T00:42:02","slug":"novela-o-rico-e-lazaro-resumo-2706-aspenaz-sai-desesperado-do-quarto-de-daniel","status":"publish","type":"post","link":"https:\/\/migracao.redenoticia.com.br\/noticia\/2017\/novela-o-rico-e-lazaro-resumo-2706-aspenaz-sai-desesperado-do-quarto-de-daniel\/115847","title":{"rendered":"Novela \u201cO Rico e L\u00e1zaro\u201d resumo 27\/06: Beroso lamenta por Daniel n\u00e3o ter morrido"},"content":{"rendered":"<p> <img loading=\"lazy\" decoding=\"async\" src=\"https:\/\/migracao.redenoticia.com.br\/noticia\/imagens\/o_rico_e_o_lazaro_resumo_novela_record-150x112.jpg\" alt=\"\" width=\"150\" height=\"112\" class=\"alignleft size-thumbnail wp-image-107948\" srcset=\"https:\/\/migracao.redenoticia.com.br\/noticia\/imagens\/o_rico_e_o_lazaro_resumo_novela_record-150x112.jpg 150w, https:\/\/migracao.redenoticia.com.br\/noticia\/imagens\/o_rico_e_o_lazaro_resumo_novela_record-265x198.jpg 265w\" sizes=\"auto, (max-width: 150px) 100vw, 150px\" \/><strong><em>Novela \u201cO Rico e L\u00e1zaro\u201d resumo 27\/06<\/em><\/strong>: no capitulo 077(*) da novela \u201cO Rico e L\u00e1zaro\u201d, ter\u00e7a-feira, 27 de junho, no alojamento de escravas, Lia pensa em Daniel. Ravina, Zadoque e Matias discutem com Fassur. Elga conversa com Zelfa e diz acreditar na inoc\u00eancia de Shag-Shag. Rebeca agradece o apoio dos familiares. Shag-Shag bebe para comemorar. Zac se apavora ao saber que Shag-Shag foi inocentada. Elga pressiona Nicolau e pergunta qual de seus filhos matou Chaim. Nicolau fica nervoso diante da press\u00e3o feita por Elga, mas diz n\u00e3o saber de nada sobre o assassinato de Chaim. <\/p>\n<p>Rabe-S\u00e1ris avisa a Zac que Shag-Shag foi inocentada. Zelfa tenta acalmar Elga. Zac se recorda da inf\u00e2ncia ao lado de Asher. Elga discute com Talita e Samira. Zadoque sugere que Ravina converse com Matias. Beroso lamenta por Daniel n\u00e3o ter morrido. Zac convida Joana para um passeio. Sammu se declara para Nebuzarad\u00e3. Beroso comemora ao saber que a obra da est\u00e1tua do rei est\u00e1 prestes a ficar pronta. Os s\u00e1bios hebreus cuidam de Daniel. Em conversa com Joaquim, Evil-Merodaque diz desconfiar de Beroso. <\/p>\n<p>Nabucodonosor diz que Daniel pode ter sido atacado. Nebuzarad\u00e3 finge estar preocupado com o governador. Neusta se mostra ansiosa com a chegada da pretendente de Joaquim. Em conversa com Zac, Joana diz acreditar na inoc\u00eancia de Shag-Shag e eles discutem. Abednego pede para Matias saber como Lia e Naomi est\u00e3o. Gadise pede para falar com ele. Arioque diz estar satisfeito com a absolvi\u00e7\u00e3o de Shag-Shag.   <\/p>\n<p>(*) edi\u00e7\u00e3o da Rede Record, Novela \u201cO Rico e L\u00e1zaro\u201d, sujeito a altera\u00e7\u00e3o de data e conte\u00fado.<\/p>\n","protected":false},"excerpt":{"rendered":"<p>Novela \u201cO Rico e L\u00e1zaro\u201d resumo 27\/06: no capitulo 077(*) da novela \u201cO Rico e L\u00e1zaro\u201d, ter\u00e7a-feira, 27 de junho, no alojamento de escravas, Lia pensa em Daniel. Ravina, Zadoque e Matias discutem com Fassur. Elga conversa com Zelfa e diz acreditar na inoc\u00eancia de Shag-Shag. Rebeca agradece o apoio dos familiares. Shag-Shag bebe para [&hellip;]<\/p>\n","protected":false},"author":2,"featured_media":107948,"comment_status":"open","ping_status":"closed","sticky":false,"template":"","format":"standard","meta":{"tdm_status":"","tdm_grid_status":"","footnotes":""},"categories":[379,371,343],"tags":[441],"class_list":{"0":"post-115847","1":"post","2":"type-post","3":"status-publish","4":"format-standard","5":"has-post-thumbnail","7":"category-novelas","8":"category-rede-record","9":"category-televisao","10":"tag-resumo-do-dia"},"_links":{"self":[{"href":"https:\/\/migracao.redenoticia.com.br\/noticia\/wp-json\/wp\/v2\/posts\/115847","targetHints":{"allow":["GET"]}}],"collection":[{"href":"https:\/\/migracao.redenoticia.com.br\/noticia\/wp-json\/wp\/v2\/posts"}],"about":[{"href":"https:\/\/migracao.redenoticia.com.br\/noticia\/wp-json\/wp\/v2\/types\/post"}],"author":[{"embeddable":true,"href":"https:\/\/migracao.redenoticia.com.br\/noticia\/wp-json\/wp\/v2\/users\/2"}],"replies":[{"embeddable":true,"href":"https:\/\/migracao.redenoticia.com.br\/noticia\/wp-json\/wp\/v2\/comments?post=115847"}],"version-history":[{"count":0,"href":"https:\/\/migracao.redenoticia.com.br\/noticia\/wp-json\/wp\/v2\/posts\/115847\/revisions"}],"wp:featuredmedia":[{"embeddable":true,"href":"https:\/\/migracao.redenoticia.com.br\/noticia\/wp-json\/wp\/v2\/media\/107948"}],"wp:attachment":[{"href":"https:\/\/migracao.redenoticia.com.br\/noticia\/wp-json\/wp\/v2\/media?parent=115847"}],"wp:term":[{"taxonomy":"category","embeddable":true,"href":"https:\/\/migracao.redenoticia.com.br\/noticia\/wp-json\/wp\/v2\/categories?post=115847"},{"taxonomy":"post_tag","embeddable":true,"href":"https:\/\/migracao.redenoticia.com.br\/noticia\/wp-json\/wp\/v2\/tags?post=115847"}],"curies":[{"name":"wp","href":"https:\/\/api.w.org\/{rel}","templated":true}]}}