{"id":115859,"date":"2017-06-27T00:05:01","date_gmt":"2017-06-27T03:05:01","guid":{"rendered":"https:\/\/www.redenoticia.com.br\/noticia\/?p=115859"},"modified":"2017-06-26T15:49:56","modified_gmt":"2017-06-26T18:49:56","slug":"usp-curso-a-distancia-aborda-o-uso-racional-de-medicamentos","status":"publish","type":"post","link":"https:\/\/migracao.redenoticia.com.br\/noticia\/2017\/usp-curso-a-distancia-aborda-o-uso-racional-de-medicamentos\/115859","title":{"rendered":"USP: curso a dist\u00e2ncia aborda o uso racional de medicamentos"},"content":{"rendered":"<p> Entre os dias 14 de agosto e 13 de novembro, o Instituto de Ci\u00eancias Biom\u00e9dicas (ICB) da USP oferece o <strong><em>curso a dist\u00e2ncia \u201cFundamentos para o Uso Racional de Medicamentos\u201d<\/em><\/strong>. O conte\u00fado ser\u00e1 ministrado pelo professor Moacyr Luiz Aizenstein, docente do Departamento de Farmacologia do ICB e autor de livros sobre o tema.<\/p>\n<p>Com o total de 100 vagas, as inscri\u00e7\u00f5es devem ser realizadas pelo e-mail aizenst@icb.usp.br, at\u00e9 7 de agosto. A taxa de inscri\u00e7\u00e3o \u00e9 de R$ 120. O programa engloba cerca de quatro horas de atividades semanais e totaliza 52 horas\/aula.<\/p>\n<p>Ser\u00e3o fornecidos certificados aos alunos que obtiverem aproveitamento em 70% dos testes e participa\u00e7\u00e3o em 85% das aulas. Com o uso racional de medicamentos, o paciente recebe a medica\u00e7\u00e3o apropriada para a situa\u00e7\u00e3o cl\u00ednica, nas doses adequadas \u00e0s necessidades individuais, pelo tempo necess\u00e1rio e com o menor custo poss\u00edvel.<\/p>\n<p>O curso destacar\u00e1 os fundamentos b\u00e1sicos para a administra\u00e7\u00e3o dos f\u00e1rmacos, desde a prescri\u00e7\u00e3o, para os profissionais e estudantes na \u00e1rea m\u00e9dica, odontol\u00f3gica, farmac\u00eautica e de enfermagem.<\/p>\n<p> SERVI\u00c7O<br \/>\nCurso a dist\u00e2ncia \u201cFundamentos para o Uso Racional de Medicamentos\u201d<br \/>\nOrganiza\u00e7\u00e3o: Instituto de Ci\u00eancias Biom\u00e9dicas da USP<br \/>\nPer\u00edodo: 14 de agosto a 13 de novembro<br \/>\nInscri\u00e7\u00f5es: aizenst@icb.usp.br (at\u00e9 7 de agosto)<br \/>\nCarga hor\u00e1ria: 52 horas\/aula<br \/>\nTaxa de inscri\u00e7\u00e3o: R$ 120<\/p>\n<p>Do Portal do Governo SP<\/p>\n","protected":false},"excerpt":{"rendered":"<p>Entre os dias 14 de agosto e 13 de novembro, o Instituto de Ci\u00eancias Biom\u00e9dicas (ICB) da USP oferece o curso a dist\u00e2ncia \u201cFundamentos para o Uso Racional de Medicamentos\u201d. O conte\u00fado ser\u00e1 ministrado pelo professor Moacyr Luiz Aizenstein, docente do Departamento de Farmacologia do ICB e autor de livros sobre o tema. Com o [&hellip;]<\/p>\n","protected":false},"author":2,"featured_media":37376,"comment_status":"open","ping_status":"closed","sticky":false,"template":"","format":"standard","meta":{"tdm_status":"","tdm_grid_status":"","footnotes":""},"categories":[22,351,370],"tags":[],"class_list":{"0":"post-115859","1":"post","2":"type-post","3":"status-publish","4":"format-standard","5":"has-post-thumbnail","7":"category-brasil","8":"category-cursos","9":"category-inscricao"},"_links":{"self":[{"href":"https:\/\/migracao.redenoticia.com.br\/noticia\/wp-json\/wp\/v2\/posts\/115859","targetHints":{"allow":["GET"]}}],"collection":[{"href":"https:\/\/migracao.redenoticia.com.br\/noticia\/wp-json\/wp\/v2\/posts"}],"about":[{"href":"https:\/\/migracao.redenoticia.com.br\/noticia\/wp-json\/wp\/v2\/types\/post"}],"author":[{"embeddable":true,"href":"https:\/\/migracao.redenoticia.com.br\/noticia\/wp-json\/wp\/v2\/users\/2"}],"replies":[{"embeddable":true,"href":"https:\/\/migracao.redenoticia.com.br\/noticia\/wp-json\/wp\/v2\/comments?post=115859"}],"version-history":[{"count":0,"href":"https:\/\/migracao.redenoticia.com.br\/noticia\/wp-json\/wp\/v2\/posts\/115859\/revisions"}],"wp:featuredmedia":[{"embeddable":true,"href":"https:\/\/migracao.redenoticia.com.br\/noticia\/wp-json\/wp\/v2\/media\/37376"}],"wp:attachment":[{"href":"https:\/\/migracao.redenoticia.com.br\/noticia\/wp-json\/wp\/v2\/media?parent=115859"}],"wp:term":[{"taxonomy":"category","embeddable":true,"href":"https:\/\/migracao.redenoticia.com.br\/noticia\/wp-json\/wp\/v2\/categories?post=115859"},{"taxonomy":"post_tag","embeddable":true,"href":"https:\/\/migracao.redenoticia.com.br\/noticia\/wp-json\/wp\/v2\/tags?post=115859"}],"curies":[{"name":"wp","href":"https:\/\/api.w.org\/{rel}","templated":true}]}}