{"id":115862,"date":"2017-06-27T00:06:58","date_gmt":"2017-06-27T03:06:58","guid":{"rendered":"https:\/\/www.redenoticia.com.br\/noticia\/?p=115862"},"modified":"2017-06-26T15:51:20","modified_gmt":"2017-06-26T18:51:20","slug":"projeto-guri-abre-oito-mil-vagas-para-criancas-e-adolescentes","status":"publish","type":"post","link":"https:\/\/migracao.redenoticia.com.br\/noticia\/2017\/projeto-guri-abre-oito-mil-vagas-para-criancas-e-adolescentes\/115862","title":{"rendered":"Projeto Guri abre oito mil vagas para crian\u00e7as e adolescentes"},"content":{"rendered":"<p> Uma boa not\u00edcia para crian\u00e7as e adolescentes dos 6 aos 18 anos de idade: est\u00e3o abertas as vagas para os <strong><em>cursos gratuitos oferecidos pelo Projeto Guri<\/em><\/strong>, em mais de 280 polos de ensino do interior e litoral do Estado. H\u00e1 vagas dispon\u00edveis para os cursos de instrumentos musicais, canto, coral e inicia\u00e7\u00e3o musical<\/p>\n<p>Para fazer os cursos n\u00e3o \u00e9 necess\u00e1rio de conhecimento musical pr\u00e9vio, possuir instrumentos ou passar por testes seletivos. O in\u00edcio do curso acontece de acordo com a data de matr\u00edcula do aluno. Para participar, basta ter entre 6 e 18 anos de idade incompletos e comparecer diretamente ao polo em que desejar estudar, acompanhado pelo respons\u00e1vel.<\/p>\n<p>Os documentos solicitados s\u00e3o os seguintes: certid\u00e3o de nascimento ou RG do aluno (original e c\u00f3pia); comprovante de matr\u00edcula escolar e\/ou declara\u00e7\u00e3o de frequ\u00eancia escolar; RG do respons\u00e1vel (original e c\u00f3pia) e comprovante de endere\u00e7o para consulta.<\/p>\n<p>O Projeto Guri \u00e9 considerado o maior programa social e cultural do pa\u00eds. Mantido pela Secretaria de Estado da Cultura em parceria com organiza\u00e7\u00f5es sociais e empresas privadas, 49 mil alunos participam das atividades desenvolvidas nos centros de educa\u00e7\u00e3o musical de Ara\u00e7atuba, Itapeva, Mar\u00edlia, jundia\u00ed, Presidente Prudente, S\u00e3o Jos\u00e9 do Rio Preto, S\u00e3o Jos\u00e9 dos Campos, Ribeir\u00e3o Preto, S\u00e3o Carlos, S\u00e3o Paulo e Sorocaba.<\/p>\n<p>Clique i para saber mais informa\u00e7\u00f5es sobre os cursos oferecidos, locais e hor\u00e1rios dos polos de ensino.<\/p>\n<p>A seguir a lista completa dos polos com vagas abertas nas onze regionais do Projeto Guri.<\/p>\n<p>Regional Ara\u00e7atuba<br \/>\nS\u00e3o 541 vagas dispon\u00edveis nos polos: Alto Alegre, Andradina, Avanhandava, Bento de Abreu, Bilac, Birigui, Brejo Alegre, Castilho, Clementina, General Salgado, Guara\u00e7a\u00ed, Guzol\u00e2ndia, Ilha Solteira, Jales, Lav\u00ednia, Luizi\u00e2nia, Murutinga do Sul, Nova Cana\u00e3 Paulista, Nova Luzit\u00e2nia, Pereira Barreto, Piacatu, Regional Ara\u00e7atuba, Rubi\u00e1cea, Santa F\u00e9 do Sul, Sant\u00f3polis do Aguape\u00ed, Sud Mennucci e Valpara\u00edso.<\/p>\n<p>Regional Itapeva<br \/>\nS\u00e3o 457 vagas dispon\u00edveis nos polos: Barra do Chap\u00e9u, Bom Sucesso de Itarar\u00e9, Buri, Cap\u00e3o Bonito, Fartura, Guapiara, Itaber\u00e1, Ita\u00ed, Itaporanga, Itarar\u00e9, Nova Campina, Piraju, Regional Itapeva, Ribeir\u00e3o Branco, Ribeir\u00e3o Grande, Riversul, Sarutaia, Taquarituba, Taquariva\u00ed e Tejup\u00e1.<\/p>\n<p>Regional Jundia\u00ed<br \/>\nS\u00e3o 440 vagas dispon\u00edveis nos polos: Agua\u00ed, \u00c1guas de Lind\u00f3ia \u2013 Prefeitura, Atibaia, Bragan\u00e7a Paulista, Cabre\u00fava, Campinas \u2013 AEDHA, Elias Fausto, Esp\u00edrito Santo do Pinhal, Estiva Gerbi, Indaiatuba, Iracem\u00e1polis, Monte Mor, Nelson Mandela \u2013 Campinas, Nova Odessa, Pedreira, Piracaia, Piracicaba, Rafard \u2013 Prefeitura, Regional Jundia\u00ed, Santa B\u00e1rbara D\u2019oeste, Santo Ant\u00f4nio de Posse, Santo Ant\u00f4nio do Jardim, Serra Negra, Sumar\u00e9 e Vinhedo<\/p>\n<p>Regional Mar\u00edlia<br \/>\nS\u00e3o 619 vagas dispon\u00edveis nos polos: \u00c1lvaro de Carvalho, Arco-\u00cdris, Assis, Bastos, Bauru, Campos Novos Paulista, C\u00e2ndido Mota, Echapor\u00e3, Hercul\u00e2ndia, Ibirarema, Legi\u00e3o Mirim de Piratininga, Lins, Maraca\u00ed, Ocau\u00e7u, Oriente, Ourinhos, Palmital, Parapu\u00e3, Pompeia, Promiss\u00e3o, Quat\u00e1, Regional Mar\u00edlia, Ribeir\u00e3o do Sul, Rin\u00f3polis, Sabino, Salto Grande, Santa Cruz do Rio Pardo, Tup\u00e3 e Vera Cruz.<\/p>\n<p>Regional Presidente Prudente<br \/>\nS\u00e3o 1.136 vagas dispon\u00edveis nos polos: Adamantina, \u00c1lvares Machado, Anhumas, Caiabu, Dracena, Emilian\u00f3polis, Estrela Do Norte, Indiana, In\u00fabia Paulista, Irapuru, Jo\u00e3o Ramalho, Junqueir\u00f3polis, Lar Francisco Franco \u2013 Rancharia, Martin\u00f3polis, Mirante do Paranapanema, Nantes, Narandiba, Osvaldo Cruz, Ouro Verde, Piquerobi, Pirapozinho, Presidente Bernardes, Presidente Venceslau, Regente Feij\u00f3, Regional Presidente Prudente, Rosana, Sagres, Sandovalina, Santo Expedito, Tacib\u00e1, Tarabai, Teodoro Sampaio\/Pontal do Paranapanema e Tupi Paulista.<\/p>\n<p>Regional Ribeir\u00e3o Preto<br \/>\nS\u00e3o 974 vagas dispon\u00edveis nos polos: ACIF \u2013 Franca, Altin\u00f3polis, Barrinha, Batatais, Bebedouro, Brodowski, Cajuru, C\u00e2ndido, Rodrigues, Cravinhos, Dumont, Guar\u00e1, Igarapava, IORM Gua\u00edra, IORM Ipu\u00e3, Itirapu\u00e3, Ituverava, Jaborandi, Jaboticabal, Miguel\u00f3polis, Monte Alto, Monte Azul Paulista, Orl\u00e2ndia, Pitangueiras, Regional Ribeirao Preto, Santa Cruz da Esperan\u00e7a, Santa Rosa de Viterbo, S\u00e3o Joaquim da Barra, S\u00e3o Sim\u00e3o, Sert\u00e3ozinho, Taquaritinga, Terra Roxa e Viradouro.<\/p>\n<p>Regional S\u00e3o Carlos<br \/>\nS\u00e3o 1.249 vagas dispon\u00edveis nos polos: Araraquara, Bariri, Barra Bonita, Boa Esperan\u00e7a do Sul, Caconde, Cordeir\u00f3polis, Dois C\u00f3rregos, Ibitinga, Igara\u00e7u do Tiet\u00ea, It\u00e1polis, Len\u00e7\u00f3is Paulista, Macatuba, Mineiros do Tiet\u00ea, Nova Europa, Pederneiras, Pirassununga, Porto Ferreira, Regional Ja\u00fa, Regional S\u00e3o Carlos, Rinc\u00e3o, Rio Claro, Santa Gertrudes, Santa Maria da Serra, S\u00e3o Jos\u00e9 do Rio Pardo, S\u00e3o Sebasti\u00e3o da Grama, Tabatinga, Tamba\u00fa, Tapiratiba e Vargem Grande do Sul.<\/p>\n<p>Regional S\u00e3o Jos\u00e9 do Rio Preto<br \/>\nS\u00e3o 830 vagas dispon\u00edveis nos polos: Altair, B\u00e1lsamo, Barretos, Cosmorama, Fernand\u00f3polis, Ibir\u00e1, Icem, Ipigua, Jos\u00e9 Bonif\u00e1cio, Mirassol, Nipo\u00e3, Nova Granada, Novo Horizonte, Onda Verde, Orindi\u00fava, Ouroeste, Palestina, Palmares Paulista, Paulo de Faria, Potirendaba, Regional S\u00e3o Jos\u00e9 do Rio Preto, Rol\u00e2ndia, Santa Ad\u00e9lia, Sever\u00ednia, Tanabi, Ubarana, Urup\u00eas e Votuporanga<\/p>\n<p>Regional S\u00e3o Jos\u00e9 dos Campos<br \/>\nS\u00e3o 508 vagas dispon\u00edveis nos polos: Aparecida, Areias, Ca\u00e7apava, Cachoeira Paulista, Campos do Jord\u00e3o, Distrito de Moreira C\u00e9sar, FUNDACC \u2013 Caraguatatuba, \u00a0Guaratinguet\u00e1, Ilhabela, Lagoinha, Lorena, Natividade da Serra, Paraibuna, Pindamonhangaba, Piquete, Regional S\u00e3o Jos\u00e9 dos Campos, Roseira, S\u00e3o Francisco Xavier, S\u00e3o Jos\u00e9 do Barreiro, Regional S\u00e3o Jos\u00e9 dos Campos, S\u00e3o Luiz do Paraitinga, Silveiras, Taubat\u00e9 e Ubatuba-Prefeitura.<\/p>\n<p>Regional S\u00e3o Paulo<br \/>\nS\u00e3o 440 vagas dispon\u00edveis nos polos: Ilha Comprida, Itanha\u00e9m, Itariri, Miracatu, Mongagu\u00e1, Pedro de Toledo, Peru\u00edbe, Regional Santos, Registro, S\u00e3o Vicente e Sete Barras.<\/p>\n<p>Regional Sorocaba<br \/>\nS\u00e3o 941 vagas dispon\u00edveis nos polos: Ara\u00e7oiaba da Serra, Avar\u00e9, Botucatu, Capela do Alto, Cerquilho, Conchas, Guare\u00ed, Ibi\u00fana, Iper\u00f3, Itapetininga, Itatinga, Itu, Mairinque, Piedade, Pilar Do Sul, Regional Sorocaba, Salto, S\u00e3o Manuel, S\u00e3o Miguel Arcanjo, S\u00e3o Roque, Tiet\u00ea e Votorantim.<\/p>\n<p>Do Portal do Governo SP<\/p>\n","protected":false},"excerpt":{"rendered":"<p>Uma boa not\u00edcia para crian\u00e7as e adolescentes dos 6 aos 18 anos de idade: est\u00e3o abertas as vagas para os cursos gratuitos oferecidos pelo Projeto Guri, em mais de 280 polos de ensino do interior e litoral do Estado. H\u00e1 vagas dispon\u00edveis para os cursos de instrumentos musicais, canto, coral e inicia\u00e7\u00e3o musical Para fazer [&hellip;]<\/p>\n","protected":false},"author":2,"featured_media":57577,"comment_status":"open","ping_status":"closed","sticky":false,"template":"","format":"standard","meta":{"tdm_status":"","tdm_grid_status":"","footnotes":""},"categories":[22,351,370],"tags":[],"class_list":{"0":"post-115862","1":"post","2":"type-post","3":"status-publish","4":"format-standard","5":"has-post-thumbnail","7":"category-brasil","8":"category-cursos","9":"category-inscricao"},"_links":{"self":[{"href":"https:\/\/migracao.redenoticia.com.br\/noticia\/wp-json\/wp\/v2\/posts\/115862","targetHints":{"allow":["GET"]}}],"collection":[{"href":"https:\/\/migracao.redenoticia.com.br\/noticia\/wp-json\/wp\/v2\/posts"}],"about":[{"href":"https:\/\/migracao.redenoticia.com.br\/noticia\/wp-json\/wp\/v2\/types\/post"}],"author":[{"embeddable":true,"href":"https:\/\/migracao.redenoticia.com.br\/noticia\/wp-json\/wp\/v2\/users\/2"}],"replies":[{"embeddable":true,"href":"https:\/\/migracao.redenoticia.com.br\/noticia\/wp-json\/wp\/v2\/comments?post=115862"}],"version-history":[{"count":0,"href":"https:\/\/migracao.redenoticia.com.br\/noticia\/wp-json\/wp\/v2\/posts\/115862\/revisions"}],"wp:featuredmedia":[{"embeddable":true,"href":"https:\/\/migracao.redenoticia.com.br\/noticia\/wp-json\/wp\/v2\/media\/57577"}],"wp:attachment":[{"href":"https:\/\/migracao.redenoticia.com.br\/noticia\/wp-json\/wp\/v2\/media?parent=115862"}],"wp:term":[{"taxonomy":"category","embeddable":true,"href":"https:\/\/migracao.redenoticia.com.br\/noticia\/wp-json\/wp\/v2\/categories?post=115862"},{"taxonomy":"post_tag","embeddable":true,"href":"https:\/\/migracao.redenoticia.com.br\/noticia\/wp-json\/wp\/v2\/tags?post=115862"}],"curies":[{"name":"wp","href":"https:\/\/api.w.org\/{rel}","templated":true}]}}