{"id":115878,"date":"2017-06-27T16:40:09","date_gmt":"2017-06-27T19:40:09","guid":{"rendered":"https:\/\/www.redenoticia.com.br\/noticia\/?p=115878"},"modified":"2017-06-28T16:04:48","modified_gmt":"2017-06-28T19:04:48","slug":"novela-ribeirao-do-tempo-resumo-2806-filo-pede-para-marisa-amansar-querencio","status":"publish","type":"post","link":"https:\/\/migracao.redenoticia.com.br\/noticia\/2017\/novela-ribeirao-do-tempo-resumo-2806-filo-pede-para-marisa-amansar-querencio\/115878","title":{"rendered":"Novela \u201cRibeir\u00e3o do Tempo\u201d resumo 28\/06: Tito apresenta Filomena a Clor\u00eds"},"content":{"rendered":"<p> <img loading=\"lazy\" decoding=\"async\" src=\"https:\/\/migracao.redenoticia.com.br\/noticia\/imagens\/ribeirao_do_tempo_novela_record_resumo-150x112.jpg\" alt=\"\" width=\"150\" height=\"112\" class=\"alignleft size-thumbnail wp-image-108265\" srcset=\"https:\/\/migracao.redenoticia.com.br\/noticia\/imagens\/ribeirao_do_tempo_novela_record_resumo-150x112.jpg 150w, https:\/\/migracao.redenoticia.com.br\/noticia\/imagens\/ribeirao_do_tempo_novela_record_resumo-265x198.jpg 265w\" sizes=\"auto, (max-width: 150px) 100vw, 150px\" \/><strong><em>Novela \u201cRibeir\u00e3o do Tempo\u201d resumo 28\/06<\/em><\/strong>: no capitulo 082 (*) da novela \u201cRibeir\u00e3o do Tempo\u201d, quarta-feira, 28 de junho, Quer\u00eancio assina o documento. Fil\u00f3 liga para Joca e agradece pela ajuda. Ari deixa claro para Lincon que tem certeza de que vai ser reeleito. Ajuricaba e Lincon se encontram na prefeitura e trocam farpas. Bruno conta a Karina que ele e Teixeira convenceram Quer\u00eancio a se opor ao casamento de Filomena. <\/p>\n<p>Fil\u00f3 vai at\u00e9 a pousada e diz a Tito que o pai dela assinou o documento. Tito fica euf\u00f3rico. Joca diz a Flores que est\u00e1 preocupado com Nicolau. Tito apresenta Filomena a Clor\u00eds e ao pessoal da pousada. Clor\u00eds a trata friamente. Quer\u00eancio fala para Romeu e para Sancha que est\u00e1 com \u00f3dio de Tito. Flores explica para Joca que Nicolau \u00e9 um homem consciente e aconselha o detetive a se manter afastado das investiga\u00e7\u00f5es. <\/p>\n<p>Beatriz conta a Nicolau que Clor\u00eds esteve na fazenda. Ele ri, satisfeito. Tito faz uma reuni\u00e3o na pousada e pede para todos da equipe voltarem ao batente. Newton aconselha Tito a mandar flores para Filomena. Nasinho conta a Nicolau que Tito vai conseguir o empr\u00e9stimo para reerguer a pousada. O senador fica furioso. <\/p>\n<p>(*) edi\u00e7\u00e3o da Rede Record, Novela \u201cRibeir\u00e3o do Tempo\u201d, sujeito a altera\u00e7\u00e3o de data e conte\u00fado.<\/p>\n","protected":false},"excerpt":{"rendered":"<p>Novela \u201cRibeir\u00e3o do Tempo\u201d resumo 28\/06: no capitulo 082 (*) da novela \u201cRibeir\u00e3o do Tempo\u201d, quarta-feira, 28 de junho, Quer\u00eancio assina o documento. Fil\u00f3 liga para Joca e agradece pela ajuda. Ari deixa claro para Lincon que tem certeza de que vai ser reeleito. Ajuricaba e Lincon se encontram na prefeitura e trocam farpas. Bruno [&hellip;]<\/p>\n","protected":false},"author":2,"featured_media":108265,"comment_status":"open","ping_status":"closed","sticky":false,"template":"","format":"standard","meta":{"tdm_status":"","tdm_grid_status":"","footnotes":""},"categories":[379,371,343],"tags":[441],"class_list":{"0":"post-115878","1":"post","2":"type-post","3":"status-publish","4":"format-standard","5":"has-post-thumbnail","7":"category-novelas","8":"category-rede-record","9":"category-televisao","10":"tag-resumo-do-dia"},"_links":{"self":[{"href":"https:\/\/migracao.redenoticia.com.br\/noticia\/wp-json\/wp\/v2\/posts\/115878","targetHints":{"allow":["GET"]}}],"collection":[{"href":"https:\/\/migracao.redenoticia.com.br\/noticia\/wp-json\/wp\/v2\/posts"}],"about":[{"href":"https:\/\/migracao.redenoticia.com.br\/noticia\/wp-json\/wp\/v2\/types\/post"}],"author":[{"embeddable":true,"href":"https:\/\/migracao.redenoticia.com.br\/noticia\/wp-json\/wp\/v2\/users\/2"}],"replies":[{"embeddable":true,"href":"https:\/\/migracao.redenoticia.com.br\/noticia\/wp-json\/wp\/v2\/comments?post=115878"}],"version-history":[{"count":0,"href":"https:\/\/migracao.redenoticia.com.br\/noticia\/wp-json\/wp\/v2\/posts\/115878\/revisions"}],"wp:featuredmedia":[{"embeddable":true,"href":"https:\/\/migracao.redenoticia.com.br\/noticia\/wp-json\/wp\/v2\/media\/108265"}],"wp:attachment":[{"href":"https:\/\/migracao.redenoticia.com.br\/noticia\/wp-json\/wp\/v2\/media?parent=115878"}],"wp:term":[{"taxonomy":"category","embeddable":true,"href":"https:\/\/migracao.redenoticia.com.br\/noticia\/wp-json\/wp\/v2\/categories?post=115878"},{"taxonomy":"post_tag","embeddable":true,"href":"https:\/\/migracao.redenoticia.com.br\/noticia\/wp-json\/wp\/v2\/tags?post=115878"}],"curies":[{"name":"wp","href":"https:\/\/api.w.org\/{rel}","templated":true}]}}