{"id":115887,"date":"2017-06-27T16:44:18","date_gmt":"2017-06-27T19:44:18","guid":{"rendered":"https:\/\/www.redenoticia.com.br\/noticia\/?p=115887"},"modified":"2017-06-27T21:42:53","modified_gmt":"2017-06-28T00:42:53","slug":"novela-o-rico-e-lazaro-resumo-2806-beroso-lamenta-por-daniel-nao-ter-morrido","status":"publish","type":"post","link":"https:\/\/migracao.redenoticia.com.br\/noticia\/2017\/novela-o-rico-e-lazaro-resumo-2806-beroso-lamenta-por-daniel-nao-ter-morrido\/115887","title":{"rendered":"Novela \u201cO Rico e L\u00e1zaro\u201d resumo 28\/06: Mesaque tenta salvar a vida de Daniel"},"content":{"rendered":"<p> <img loading=\"lazy\" decoding=\"async\" src=\"https:\/\/migracao.redenoticia.com.br\/noticia\/imagens\/o_rico_e_o_lazaro_resumo_novela_record-150x112.jpg\" alt=\"\" width=\"150\" height=\"112\" class=\"alignleft size-thumbnail wp-image-107948\" srcset=\"https:\/\/migracao.redenoticia.com.br\/noticia\/imagens\/o_rico_e_o_lazaro_resumo_novela_record-150x112.jpg 150w, https:\/\/migracao.redenoticia.com.br\/noticia\/imagens\/o_rico_e_o_lazaro_resumo_novela_record-265x198.jpg 265w\" sizes=\"auto, (max-width: 150px) 100vw, 150px\" \/><strong><em>Novela \u201cO Rico e L\u00e1zaro\u201d resumo 28\/06<\/em><\/strong>: no capitulo 078(*) da novela \u201cO Rico e L\u00e1zaro\u201d, quarta-feira, 28 de junho, Zabaia pede para Hurzabum voltar ao trabalho. Beroso encontra o rei e avisa que a est\u00e1tua est\u00e1 quase pronta. Dalila e Raquel conversam com os s\u00e1bios hebreus sobre o ataque sofrido por Daniel. Larsa d\u00e1 em cima de Naomi. Nit\u00f3cris discute com Nabonido. <\/p>\n<p>Joana se desculpa com Zac. Shag-Shag beija Arioque. Zac lamenta por n\u00e3o terem encontrado o culpado pela morte de Chaim. Gadise revela para Matias que est\u00e1 gr\u00e1vida. Nabucodonosor fica preocupado com o estado de sa\u00fade de Daniel. O governador tem dificuldade para respirar. Mesaque tenta salvar a vida de Daniel. Nabucodonosor pede para o Deus dos hebreus salvar Daniel. O governador volta a respirar. Matias fica desesperado com a not\u00edcia da gravidez de Gadise. <\/p>\n<p>B\u00eabada, Shag-Shag pede Arioque em casamento. Matias pede para Gadise ter calma. Talita e Samira discutem com Shamir e Tamir. As g\u00eameas planejam confundir os irm\u00e3os para conseguirem dan\u00e7ar escondidas. Joana estranha o comportamento de Matias. Gadise se abre com Ebede e diz estar preocupada com a frieza de Matias. Os s\u00e1bios hebreus oram pedindo a melhora de Daniel. Naomi se mostra preocupada com o ass\u00e9dio do feitor Larsa. Os s\u00e1bios hebreus cuidam de Daniel.<\/p>\n<p>(*) edi\u00e7\u00e3o da Rede Record, Novela \u201cO Rico e L\u00e1zaro\u201d, sujeito a altera\u00e7\u00e3o de data e conte\u00fado.<\/p>\n","protected":false},"excerpt":{"rendered":"<p>Novela \u201cO Rico e L\u00e1zaro\u201d resumo 28\/06: no capitulo 078(*) da novela \u201cO Rico e L\u00e1zaro\u201d, quarta-feira, 28 de junho, Zabaia pede para Hurzabum voltar ao trabalho. Beroso encontra o rei e avisa que a est\u00e1tua est\u00e1 quase pronta. Dalila e Raquel conversam com os s\u00e1bios hebreus sobre o ataque sofrido por Daniel. Larsa d\u00e1 [&hellip;]<\/p>\n","protected":false},"author":2,"featured_media":107948,"comment_status":"open","ping_status":"closed","sticky":false,"template":"","format":"standard","meta":{"tdm_status":"","tdm_grid_status":"","footnotes":""},"categories":[379,371,343],"tags":[441],"class_list":{"0":"post-115887","1":"post","2":"type-post","3":"status-publish","4":"format-standard","5":"has-post-thumbnail","7":"category-novelas","8":"category-rede-record","9":"category-televisao","10":"tag-resumo-do-dia"},"_links":{"self":[{"href":"https:\/\/migracao.redenoticia.com.br\/noticia\/wp-json\/wp\/v2\/posts\/115887","targetHints":{"allow":["GET"]}}],"collection":[{"href":"https:\/\/migracao.redenoticia.com.br\/noticia\/wp-json\/wp\/v2\/posts"}],"about":[{"href":"https:\/\/migracao.redenoticia.com.br\/noticia\/wp-json\/wp\/v2\/types\/post"}],"author":[{"embeddable":true,"href":"https:\/\/migracao.redenoticia.com.br\/noticia\/wp-json\/wp\/v2\/users\/2"}],"replies":[{"embeddable":true,"href":"https:\/\/migracao.redenoticia.com.br\/noticia\/wp-json\/wp\/v2\/comments?post=115887"}],"version-history":[{"count":0,"href":"https:\/\/migracao.redenoticia.com.br\/noticia\/wp-json\/wp\/v2\/posts\/115887\/revisions"}],"wp:featuredmedia":[{"embeddable":true,"href":"https:\/\/migracao.redenoticia.com.br\/noticia\/wp-json\/wp\/v2\/media\/107948"}],"wp:attachment":[{"href":"https:\/\/migracao.redenoticia.com.br\/noticia\/wp-json\/wp\/v2\/media?parent=115887"}],"wp:term":[{"taxonomy":"category","embeddable":true,"href":"https:\/\/migracao.redenoticia.com.br\/noticia\/wp-json\/wp\/v2\/categories?post=115887"},{"taxonomy":"post_tag","embeddable":true,"href":"https:\/\/migracao.redenoticia.com.br\/noticia\/wp-json\/wp\/v2\/tags?post=115887"}],"curies":[{"name":"wp","href":"https:\/\/api.w.org\/{rel}","templated":true}]}}