{"id":115911,"date":"2017-06-26T16:32:08","date_gmt":"2017-06-26T19:32:08","guid":{"rendered":"https:\/\/www.redenoticia.com.br\/noticia\/?p=115911"},"modified":"2017-06-26T16:32:08","modified_gmt":"2017-06-26T19:32:08","slug":"resumo-novela-o-que-a-vida-me-roubou-2706-graziela-ameaca-denunciar-alessandro","status":"publish","type":"post","link":"https:\/\/migracao.redenoticia.com.br\/noticia\/2017\/resumo-novela-o-que-a-vida-me-roubou-2706-graziela-ameaca-denunciar-alessandro\/115911","title":{"rendered":"Resumo novela \u201cO Que A Vida Me Roubou\u201d 27\/06: Graziela amea\u00e7a denunciar Alessandro"},"content":{"rendered":"<p><img loading=\"lazy\" decoding=\"async\" src=\"https:\/\/migracao.redenoticia.com.br\/noticia\/imagens\/o-que-a-vida-me-roubou-novela-resumo-sbt-150x112.jpg\" alt=\"\" width=\"150\" height=\"112\" class=\"alignleft size-thumbnail wp-image-105656\" srcset=\"https:\/\/migracao.redenoticia.com.br\/noticia\/imagens\/o-que-a-vida-me-roubou-novela-resumo-sbt-150x112.jpg 150w, https:\/\/migracao.redenoticia.com.br\/noticia\/imagens\/o-que-a-vida-me-roubou-novela-resumo-sbt-265x198.jpg 265w\" sizes=\"auto, (max-width: 150px) 100vw, 150px\" \/><strong><em>Resumo novela \u201cO Que A Vida Me Roubou\u201d 27\/06<\/em><\/strong>: no cap\u00edtulo 107(*) da novela \u201cO Que A Vida Me Roubou\u201d, resumo de ter\u00e7a-feira, 27 de junho,  Ros\u00e1rio diz a Sofia que esbofeteou Graziela e a advertiu que em sua presen\u00e7a n\u00e3o ir\u00e1 mais insultar Alessandro, mas a preocupa o que ela seja capaz de fazer para prejudicar Alessandro. Sofia diz que tamb\u00e9m se preocupa, ainda mais quanto a Jose Lu\u00eds, quando descobrir que Alessandro n\u00e3o morreu. Alessandro diz a Montserrat que o melhor \u00e9 que fujam para longe. Montserrat responde que essa mesma noite eles podem ir, levando Laurinho junto a eles. Alessandro pensa melhor e diz que antes de fugirem ele precisa provar sua inoc\u00eancia, porque n\u00e3o matou ningu\u00e9m por heran\u00e7a nenhuma. Montserrat pergunta quando ele dir\u00e1 a verdade a Jose Luis e Alessandro responde que quando n\u00e3o houver mais perigo de o mandarem para a pris\u00e3o. Jos\u00e9 Luis diz a Renato que tem que dizer a sua esposa que por algum momento chegou a se interessar por outra mulher, ainda que nunca tenha ocorrido nada demais. Esmeralda, chorando, diz a Am\u00e9lia que ama Renato, ainda que eles discutam todo o tempo. Graziela se enfurece ao ver Montserrat e Alessandro aos beijos. Graziela insulta Montserrat, que responde que puxou a ela. Graziela amea\u00e7a denunciar Alessandro a pol\u00edcia. Montserrat diz a Graziela que n\u00e3o se importa de perder tudo desde que possa ficar com o homem que ama. Jose Luis diz a Am\u00e9lia que tem tudo para ser feliz porque se casou com a mulher que ama, e existe a possibilidade dela estar gr\u00e1vida. Jos\u00e9 diz que se sente culpado por Alessandro ter estado em coma. Ros\u00e1rio se surpreende. Alessandro diz a Graziela que deve ter pensado que o venceria facilmente, e que ele n\u00e3o lutaria para recuperar seu filho e mulher. Mas ela estava enganada, pois al\u00e9m deles tamb\u00e9m recuperar\u00e1 seu sobrenome e sua fortuna. Jos\u00e9 Luis pede a Ros\u00e1rio que n\u00e3o diga nada a Montserrat at\u00e9 que ele fale com ela. Ros\u00e1rio responde que ele precisa respeitar a decis\u00e3o de Montserrat quando ela souber de toda a verdade. Montserrat diz a sua m\u00e3e que tem pena dela, pois ser\u00e1 muito rica, por\u00e9m muito s\u00f3.<\/p>\n<p>(*) edi\u00e7\u00e3o do SBT, Novela \u201cO Que A Vida Me Roubou\u201d, sujeito a altera\u00e7\u00e3o de data e conte\u00fado.<\/p>\n<p>Lo que la vida me rob\u00f3 (no Brasil, O Que a Vida Me Roubou) \u00e9 uma telenovela mexicana produzida por Angelli Nesma Medina para Televisa e exibida pelo Canal de las Estrellas entre 28 de outubro de 2013 e 27 de julho de 2014 em 196 cap\u00edtulos, substituindo La tempestad e sendo substitu\u00edda por Hasta el fin del mundo. A original \u00e9 de Caridad Bravo Adams, sendo esta um remake modernizado das novelas Bodas de odio e Amor real, produzidas em 1983 e 2003, respectivamente. Tem Angelique Boyer, Sebasti\u00e1n Rulli, Luis Roberto Guzm\u00e1n, Daniela Castro, Grettell Vald\u00e9z, Sergio Sendel e Lisset nos papeis principais.<\/p>\n","protected":false},"excerpt":{"rendered":"<p>Resumo novela \u201cO Que A Vida Me Roubou\u201d 27\/06: no cap\u00edtulo 107(*) da novela \u201cO Que A Vida Me Roubou\u201d, resumo de ter\u00e7a-feira, 27 de junho, Ros\u00e1rio diz a Sofia que esbofeteou Graziela e a advertiu que em sua presen\u00e7a n\u00e3o ir\u00e1 mais insultar Alessandro, mas a preocupa o que ela seja capaz de fazer [&hellip;]<\/p>\n","protected":false},"author":4,"featured_media":105656,"comment_status":"open","ping_status":"closed","sticky":false,"template":"","format":"standard","meta":{"tdm_status":"","tdm_grid_status":"","footnotes":""},"categories":[379,372,343],"tags":[441],"class_list":{"0":"post-115911","1":"post","2":"type-post","3":"status-publish","4":"format-standard","5":"has-post-thumbnail","7":"category-novelas","8":"category-sbt","9":"category-televisao","10":"tag-resumo-do-dia"},"_links":{"self":[{"href":"https:\/\/migracao.redenoticia.com.br\/noticia\/wp-json\/wp\/v2\/posts\/115911","targetHints":{"allow":["GET"]}}],"collection":[{"href":"https:\/\/migracao.redenoticia.com.br\/noticia\/wp-json\/wp\/v2\/posts"}],"about":[{"href":"https:\/\/migracao.redenoticia.com.br\/noticia\/wp-json\/wp\/v2\/types\/post"}],"author":[{"embeddable":true,"href":"https:\/\/migracao.redenoticia.com.br\/noticia\/wp-json\/wp\/v2\/users\/4"}],"replies":[{"embeddable":true,"href":"https:\/\/migracao.redenoticia.com.br\/noticia\/wp-json\/wp\/v2\/comments?post=115911"}],"version-history":[{"count":0,"href":"https:\/\/migracao.redenoticia.com.br\/noticia\/wp-json\/wp\/v2\/posts\/115911\/revisions"}],"wp:featuredmedia":[{"embeddable":true,"href":"https:\/\/migracao.redenoticia.com.br\/noticia\/wp-json\/wp\/v2\/media\/105656"}],"wp:attachment":[{"href":"https:\/\/migracao.redenoticia.com.br\/noticia\/wp-json\/wp\/v2\/media?parent=115911"}],"wp:term":[{"taxonomy":"category","embeddable":true,"href":"https:\/\/migracao.redenoticia.com.br\/noticia\/wp-json\/wp\/v2\/categories?post=115911"},{"taxonomy":"post_tag","embeddable":true,"href":"https:\/\/migracao.redenoticia.com.br\/noticia\/wp-json\/wp\/v2\/tags?post=115911"}],"curies":[{"name":"wp","href":"https:\/\/api.w.org\/{rel}","templated":true}]}}