{"id":115915,"date":"2017-06-26T16:36:59","date_gmt":"2017-06-26T19:36:59","guid":{"rendered":"https:\/\/www.redenoticia.com.br\/noticia\/?p=115915"},"modified":"2017-06-26T16:36:59","modified_gmt":"2017-06-26T19:36:59","slug":"resumo-novela-chiquititas-2706-duda-vai-viajar-com-sua-mae","status":"publish","type":"post","link":"https:\/\/migracao.redenoticia.com.br\/noticia\/2017\/resumo-novela-chiquititas-2706-duda-vai-viajar-com-sua-mae\/115915","title":{"rendered":"Resumo novela \u201cChiquititas\u201d 27\/06: Duda vai viajar com sua m\u00e3e"},"content":{"rendered":"<p><img loading=\"lazy\" decoding=\"async\" class=\"alignleft size-thumbnail wp-image-49690\" src=\"https:\/\/migracao.redenoticia.com.br\/noticia\/imagens\/chiquititas1-150x112.jpg\" alt=\"chiquititas\" width=\"150\" height=\"112\" \/><strong><em>Resumo novela \u201cChiquititas\u201d 27\/06<\/em><\/strong>: no cap\u00edtulo 206(*) da novela \u201cChiquititas\u201d, resumo de ter\u00e7a-feira, 27 de junho, a m\u00e3e de Duda voltou ao Brasil para acompanhar as buscas por Duda. Ela e todos na Mans\u00e3o dos Almeida Campos ficam aliviados com a volta de Mili e Duda. Cintia diz para todas as crian\u00e7as que Pata tem raz\u00e3o, que odeia crian\u00e7as e que s\u00f3 lamenta n\u00e3o ter conseguido se livrar de todos a tempo. Jos\u00e9 Ricardo pede para Mili revelar tudo o que Cintia disse pra menina. Cintia arruma suas coisas, pois est\u00e1 convicta que n\u00e3o ser\u00e1 mais diretora do orfanato. Matilde fica aliviada que Cintia n\u00e3o revelou que ela n\u00e3o \u00e9 Ernestina. Cintia diz que ir\u00e1 sumir e que n\u00e3o voltar\u00e1 t\u00e3o cedo. Mili volta ao orfanato e \u00e9 bem recebida por todos. Antes de dormir, Tati revela para as meninas que viu Cintia e Armando juntos. Cris fica surpresa e diz que os dois eram amantes. Junior faz prova do terno para o casamento e Maria Cec\u00edlia faz o mesmo com seu vestido de noiva. Duda vai ao orfanato falar com Mili. Ele conta que se entendeu com sua m\u00e3e e revela que vai passar um bom tempo com ela na B\u00e9lgica. Duda e Mili se despedem. Duda diz que ainda pensou que os dois pudessem ser namorados um dia, mas percebeu que ela gosta mesmo do Mosca. O garoto pede para ela n\u00e3o ficar t\u00edmida, pois eles continuaram sendo amigos, mesmo ela n\u00e3o tendo bom gosto. Mili ri. Jos\u00e9 Ricardo fica muito impaciente pelo fato de Cintia ter desaparecido. O empres\u00e1rio pede para Armado pesquisar tudo sobre Cintia. Todos no orfanato se despedem de Duda. Jos\u00e9 Ricardo fica sabendo que Cintia colocou o apartamento para vender e desapareceu. Jos\u00e9 Ricardo passa mal e sente uma pontada no cora\u00e7\u00e3o.<\/p>\n<p>(*) edi\u00e7\u00e3o do SBT, Novela \u201cChiquititas\u201d, sujeito a altera\u00e7\u00e3o de data e conte\u00fado.<\/p>\n<p>Chiquititas gira em torno do orfanato Raio de Luz, que carrega em sua hist\u00f3ria um grande segredo envolvendo a fam\u00edlia e o dono do orfanato, Dr. Jos\u00e9 Ricardo Almeida Campos. Em um per\u00edodo anterior \u00e0 novela, exatos treze anos, sua filha Gabriela se apaixonou e ficou gr\u00e1vida de Miguel, filho de Valentina, empregada da casa dos Almeida Campos. Pouco depois, Jos\u00e9 Ricardo sequestrou sua neta, pois, como um homem conservador, ele n\u00e3o aceitava a ideia de que sua filha se envolvesse com um empregado. Como sua neta, Milena, apelidada como Mili, precisava de um lugar para morar, ele comprou um casar\u00e3o e fundou um orfanato, o Raio de Luz. Mili cresceu l\u00e1 com outras garotas que chegaram posteriormente: Bia, Ana, as irm\u00e3s Tati e Vivi, e Cris. Ao decorrer dos anos, elas se tornam uma fam\u00edlia. Elas s\u00e3o supervisionadas por Ernestina, zeladora do orfanato, e Chico, o cozinheiro amado pelas internas. Sofia, ex-governanta da fam\u00edlia Almeida Campos, \u00e9 a diretora do lugar, at\u00e9 que Carmem, irm\u00e3 de Jos\u00e9 Ricardo, entre em seu lugar. Chegam ainda mais \u00f3rf\u00e3os: Pata, Mosca, Binho e Rafa, que viviam nas ruas antes de entrarem na institui\u00e7\u00e3o. Pata e Mili tornam-se amigas rapidamente, enquanto Mosca, Binho e Rafa s\u00e3o os primeiros garotos a entrar no abrigo. As crian\u00e7as sem-teto foram ajudadas por uma doce e bela garota que tocam e mudam a vida delas, assim como as das garotas \u00f3rf\u00e3s.<\/p>\n","protected":false},"excerpt":{"rendered":"<p>Resumo novela \u201cChiquititas\u201d 27\/06: no cap\u00edtulo 206(*) da novela \u201cChiquititas\u201d, resumo de ter\u00e7a-feira, 27 de junho, a m\u00e3e de Duda voltou ao Brasil para acompanhar as buscas por Duda. Ela e todos na Mans\u00e3o dos Almeida Campos ficam aliviados com a volta de Mili e Duda. Cintia diz para todas as crian\u00e7as que Pata tem [&hellip;]<\/p>\n","protected":false},"author":4,"featured_media":49690,"comment_status":"open","ping_status":"closed","sticky":false,"template":"","format":"standard","meta":{"tdm_status":"","tdm_grid_status":"","footnotes":""},"categories":[409,379,372,343],"tags":[441],"class_list":{"0":"post-115915","1":"post","2":"type-post","3":"status-publish","4":"format-standard","5":"has-post-thumbnail","7":"category-chiquititas","8":"category-novelas","9":"category-sbt","10":"category-televisao","11":"tag-resumo-do-dia"},"_links":{"self":[{"href":"https:\/\/migracao.redenoticia.com.br\/noticia\/wp-json\/wp\/v2\/posts\/115915","targetHints":{"allow":["GET"]}}],"collection":[{"href":"https:\/\/migracao.redenoticia.com.br\/noticia\/wp-json\/wp\/v2\/posts"}],"about":[{"href":"https:\/\/migracao.redenoticia.com.br\/noticia\/wp-json\/wp\/v2\/types\/post"}],"author":[{"embeddable":true,"href":"https:\/\/migracao.redenoticia.com.br\/noticia\/wp-json\/wp\/v2\/users\/4"}],"replies":[{"embeddable":true,"href":"https:\/\/migracao.redenoticia.com.br\/noticia\/wp-json\/wp\/v2\/comments?post=115915"}],"version-history":[{"count":0,"href":"https:\/\/migracao.redenoticia.com.br\/noticia\/wp-json\/wp\/v2\/posts\/115915\/revisions"}],"wp:featuredmedia":[{"embeddable":true,"href":"https:\/\/migracao.redenoticia.com.br\/noticia\/wp-json\/wp\/v2\/media\/49690"}],"wp:attachment":[{"href":"https:\/\/migracao.redenoticia.com.br\/noticia\/wp-json\/wp\/v2\/media?parent=115915"}],"wp:term":[{"taxonomy":"category","embeddable":true,"href":"https:\/\/migracao.redenoticia.com.br\/noticia\/wp-json\/wp\/v2\/categories?post=115915"},{"taxonomy":"post_tag","embeddable":true,"href":"https:\/\/migracao.redenoticia.com.br\/noticia\/wp-json\/wp\/v2\/tags?post=115915"}],"curies":[{"name":"wp","href":"https:\/\/api.w.org\/{rel}","templated":true}]}}