{"id":115921,"date":"2017-06-26T16:41:17","date_gmt":"2017-06-26T19:41:17","guid":{"rendered":"https:\/\/www.redenoticia.com.br\/noticia\/?p=115921"},"modified":"2017-06-26T16:41:17","modified_gmt":"2017-06-26T19:41:17","slug":"resumo-novela-novo-mundo-2706-joaquim-escapa-da-prisao","status":"publish","type":"post","link":"https:\/\/migracao.redenoticia.com.br\/noticia\/2017\/resumo-novela-novo-mundo-2706-joaquim-escapa-da-prisao\/115921","title":{"rendered":"Resumo novela \u201cNovo Mundo\u201d 27\/06: Joaquim escapa da pris\u00e3o"},"content":{"rendered":"<p><img loading=\"lazy\" decoding=\"async\" class=\"alignleft size-thumbnail wp-image-107950\" src=\"https:\/\/migracao.redenoticia.com.br\/noticia\/imagens\/novo_mundo_novela_resumo_globo-150x112.jpg\" alt=\"\" width=\"150\" height=\"112\" srcset=\"https:\/\/migracao.redenoticia.com.br\/noticia\/imagens\/novo_mundo_novela_resumo_globo-150x112.jpg 150w, https:\/\/migracao.redenoticia.com.br\/noticia\/imagens\/novo_mundo_novela_resumo_globo-265x198.jpg 265w\" sizes=\"auto, (max-width: 150px) 100vw, 150px\" \/><strong><em>Resumo novela \u201cNovo Mundo\u201d 27\/06<\/em><\/strong>: no cap\u00edtulo 084(*) da novela \u201cNovo Mundo\u201d, resumo de ter\u00e7a-feira, 27 de junho, Jacinto acredita que Elvira perdeu sua mem\u00f3ria. Thomas castiga Anna e a impede de ficar com Vit\u00f3ria. Tibiri\u00e7\u00e1 orienta Piat\u00e3. Leopoldina questiona Bonif\u00e1cio sobre Pedro e Domitila. Cec\u00edlia pede Lib\u00e9rio em casamento. Germana arma para ficar sozinha com Hugo, e Licurgo quase flagra os dois. Thomas descobre que Joaquim escapou da pris\u00e3o. Joaquim vai ao encontro de Piat\u00e3 e afirma ao rapaz que eles precisam salvar Anna.<\/p>\n<p>(*) edi\u00e7\u00e3o da Rede Globo, Novela \u201cNovo Mundo\u201d, sujeito a altera\u00e7\u00e3o de data e conte\u00fado.<\/p>\n<p>Novo Mundo \u00e9 uma telenovela brasileira produzida pela Rede Globo. Escrita por Thereza Falc\u00e3o e Alessandro Marson, conta com dire\u00e7\u00e3o art\u00edstica de Vin\u00edcius Coimbra. Conta com as participa\u00e7\u00f5es de Isabelle Drummond, Chay Suede, Caio Castro, Let\u00edcia Colin, Leo Jaime, D\u00e9bora Olivieri, Rodrigo Simas, Giullia Buscacio, Vivianne Pasmanter, Guilherme Piva, R\u00f4mulo Estrela, Agatha Moreira, Luisa Micheletti, Gabriel Braga Nunes, e Ingrid Guimar\u00e3es.<\/p>\n","protected":false},"excerpt":{"rendered":"<p>Resumo novela \u201cNovo Mundo\u201d 27\/06: no cap\u00edtulo 084(*) da novela \u201cNovo Mundo\u201d, resumo de ter\u00e7a-feira, 27 de junho, Jacinto acredita que Elvira perdeu sua mem\u00f3ria. Thomas castiga Anna e a impede de ficar com Vit\u00f3ria. Tibiri\u00e7\u00e1 orienta Piat\u00e3. Leopoldina questiona Bonif\u00e1cio sobre Pedro e Domitila. Cec\u00edlia pede Lib\u00e9rio em casamento. Germana arma para ficar sozinha [&hellip;]<\/p>\n","protected":false},"author":4,"featured_media":107950,"comment_status":"open","ping_status":"closed","sticky":false,"template":"","format":"standard","meta":{"tdm_status":"","tdm_grid_status":"","footnotes":""},"categories":[379,375,343],"tags":[441],"class_list":{"0":"post-115921","1":"post","2":"type-post","3":"status-publish","4":"format-standard","5":"has-post-thumbnail","7":"category-novelas","8":"category-rede-globo","9":"category-televisao","10":"tag-resumo-do-dia"},"_links":{"self":[{"href":"https:\/\/migracao.redenoticia.com.br\/noticia\/wp-json\/wp\/v2\/posts\/115921","targetHints":{"allow":["GET"]}}],"collection":[{"href":"https:\/\/migracao.redenoticia.com.br\/noticia\/wp-json\/wp\/v2\/posts"}],"about":[{"href":"https:\/\/migracao.redenoticia.com.br\/noticia\/wp-json\/wp\/v2\/types\/post"}],"author":[{"embeddable":true,"href":"https:\/\/migracao.redenoticia.com.br\/noticia\/wp-json\/wp\/v2\/users\/4"}],"replies":[{"embeddable":true,"href":"https:\/\/migracao.redenoticia.com.br\/noticia\/wp-json\/wp\/v2\/comments?post=115921"}],"version-history":[{"count":0,"href":"https:\/\/migracao.redenoticia.com.br\/noticia\/wp-json\/wp\/v2\/posts\/115921\/revisions"}],"wp:featuredmedia":[{"embeddable":true,"href":"https:\/\/migracao.redenoticia.com.br\/noticia\/wp-json\/wp\/v2\/media\/107950"}],"wp:attachment":[{"href":"https:\/\/migracao.redenoticia.com.br\/noticia\/wp-json\/wp\/v2\/media?parent=115921"}],"wp:term":[{"taxonomy":"category","embeddable":true,"href":"https:\/\/migracao.redenoticia.com.br\/noticia\/wp-json\/wp\/v2\/categories?post=115921"},{"taxonomy":"post_tag","embeddable":true,"href":"https:\/\/migracao.redenoticia.com.br\/noticia\/wp-json\/wp\/v2\/tags?post=115921"}],"curies":[{"name":"wp","href":"https:\/\/api.w.org\/{rel}","templated":true}]}}