{"id":115960,"date":"2017-06-27T16:33:54","date_gmt":"2017-06-27T19:33:54","guid":{"rendered":"https:\/\/www.redenoticia.com.br\/noticia\/?p=115960"},"modified":"2017-06-27T16:33:54","modified_gmt":"2017-06-27T19:33:54","slug":"resumo-novela-chiquititas-2806-tomas-ferraz-faz-show-no-orfanato","status":"publish","type":"post","link":"https:\/\/migracao.redenoticia.com.br\/noticia\/2017\/resumo-novela-chiquititas-2806-tomas-ferraz-faz-show-no-orfanato\/115960","title":{"rendered":"Resumo novela \u201cChiquititas\u201d 28\/06: Tom\u00e1s Ferraz faz show no orfanato"},"content":{"rendered":"<p><img loading=\"lazy\" decoding=\"async\" class=\"alignleft size-thumbnail wp-image-49690\" src=\"https:\/\/migracao.redenoticia.com.br\/noticia\/imagens\/chiquititas1-150x112.jpg\" alt=\"chiquititas\" width=\"150\" height=\"112\" \/><strong><em>Resumo novela \u201cChiquititas\u201d 28\/06<\/em><\/strong>: no cap\u00edtulo 207(*) da novela \u201cChiquititas\u201d, resumo de quarta-feira, 28 de junho, Junior indica Carol para ser diretora do orfanato, mas Jos\u00e9 Ricardo diz que n\u00e3o acha uma boa ideia. Mili conta para Mosca de um sonho que teve sobre sua inf\u00e2ncia. Cris descobre que haver\u00e1 um novo show de Tom\u00e1s Ferraz, o primeiro na linha sertanejo universit\u00e1rio. A menina diz para Vivi que far\u00e1 de tudo para comparecer ao evento, mesmo sendo no mesmo dia do casamento do Junior. Beto pede para Tobias, que finge ser Tom\u00e1s Ferraz, ir ao orfanato antes do show para cantar uma m\u00fasica. Tom\u00e1s diz que n\u00e3o ir\u00e1, mas seu novo empres\u00e1rio gosta da ideia e acha que isso pode servir de marketing para o cantor. Oscar alerta a filha, Maria Cec\u00edlia, de que ela sofre de TOC (Transtorno Obsessivo Compulsivo) e que ela deveria procurar ajuda. Valentina diz para Miguel que al\u00e9m de Mili, Bia tamb\u00e9m pode ser filha dele com Gabriela. Marcelo, empres\u00e1rio de Tom\u00e1s Ferraz, vai ao orfanato com um fot\u00f3grafo e leva Tom\u00e1s Ferraz e toda equipe de show do rapaz. Maria Cec\u00edlia engorda e o vestido fica apertado na v\u00e9spera do casamento. Tom\u00e1s Ferraz faz um pequeno show de amostra da nova turn\u00ea no p\u00e1tio do orfanato. Todos se juntam e tiram a foto oficial para o site do cantor portugu\u00eas, que na verdade \u00e9 Tobias. Erica paquera Fernando no orfanato. Tobias entra em nova paranoia ao ver ele mesmo no espelho. Vestido de Tom\u00e1s Ferraz, ele se v\u00ea como Tobias no espelho e conversa com ele mesmo, devido sua dupla personalidade.<\/p>\n<p>(*) edi\u00e7\u00e3o do SBT, Novela \u201cChiquititas\u201d, sujeito a altera\u00e7\u00e3o de data e conte\u00fado.<\/p>\n<p>Chiquititas gira em torno do orfanato Raio de Luz, que carrega em sua hist\u00f3ria um grande segredo envolvendo a fam\u00edlia e o dono do orfanato, Dr. Jos\u00e9 Ricardo Almeida Campos. Em um per\u00edodo anterior \u00e0 novela, exatos treze anos, sua filha Gabriela se apaixonou e ficou gr\u00e1vida de Miguel, filho de Valentina, empregada da casa dos Almeida Campos. Pouco depois, Jos\u00e9 Ricardo sequestrou sua neta, pois, como um homem conservador, ele n\u00e3o aceitava a ideia de que sua filha se envolvesse com um empregado. Como sua neta, Milena, apelidada como Mili, precisava de um lugar para morar, ele comprou um casar\u00e3o e fundou um orfanato, o Raio de Luz. Mili cresceu l\u00e1 com outras garotas que chegaram posteriormente: Bia, Ana, as irm\u00e3s Tati e Vivi, e Cris. Ao decorrer dos anos, elas se tornam uma fam\u00edlia. Elas s\u00e3o supervisionadas por Ernestina, zeladora do orfanato, e Chico, o cozinheiro amado pelas internas. Sofia, ex-governanta da fam\u00edlia Almeida Campos, \u00e9 a diretora do lugar, at\u00e9 que Carmem, irm\u00e3 de Jos\u00e9 Ricardo, entre em seu lugar. Chegam ainda mais \u00f3rf\u00e3os: Pata, Mosca, Binho e Rafa, que viviam nas ruas antes de entrarem na institui\u00e7\u00e3o. Pata e Mili tornam-se amigas rapidamente, enquanto Mosca, Binho e Rafa s\u00e3o os primeiros garotos a entrar no abrigo. As crian\u00e7as sem-teto foram ajudadas por uma doce e bela garota que tocam e mudam a vida delas, assim como as das garotas \u00f3rf\u00e3s.<\/p>\n","protected":false},"excerpt":{"rendered":"<p>Resumo novela \u201cChiquititas\u201d 28\/06: no cap\u00edtulo 207(*) da novela \u201cChiquititas\u201d, resumo de quarta-feira, 28 de junho, Junior indica Carol para ser diretora do orfanato, mas Jos\u00e9 Ricardo diz que n\u00e3o acha uma boa ideia. Mili conta para Mosca de um sonho que teve sobre sua inf\u00e2ncia. Cris descobre que haver\u00e1 um novo show de Tom\u00e1s [&hellip;]<\/p>\n","protected":false},"author":4,"featured_media":49690,"comment_status":"open","ping_status":"closed","sticky":false,"template":"","format":"standard","meta":{"tdm_status":"","tdm_grid_status":"","footnotes":""},"categories":[409,379,372,343],"tags":[441],"class_list":{"0":"post-115960","1":"post","2":"type-post","3":"status-publish","4":"format-standard","5":"has-post-thumbnail","7":"category-chiquititas","8":"category-novelas","9":"category-sbt","10":"category-televisao","11":"tag-resumo-do-dia"},"_links":{"self":[{"href":"https:\/\/migracao.redenoticia.com.br\/noticia\/wp-json\/wp\/v2\/posts\/115960","targetHints":{"allow":["GET"]}}],"collection":[{"href":"https:\/\/migracao.redenoticia.com.br\/noticia\/wp-json\/wp\/v2\/posts"}],"about":[{"href":"https:\/\/migracao.redenoticia.com.br\/noticia\/wp-json\/wp\/v2\/types\/post"}],"author":[{"embeddable":true,"href":"https:\/\/migracao.redenoticia.com.br\/noticia\/wp-json\/wp\/v2\/users\/4"}],"replies":[{"embeddable":true,"href":"https:\/\/migracao.redenoticia.com.br\/noticia\/wp-json\/wp\/v2\/comments?post=115960"}],"version-history":[{"count":0,"href":"https:\/\/migracao.redenoticia.com.br\/noticia\/wp-json\/wp\/v2\/posts\/115960\/revisions"}],"wp:featuredmedia":[{"embeddable":true,"href":"https:\/\/migracao.redenoticia.com.br\/noticia\/wp-json\/wp\/v2\/media\/49690"}],"wp:attachment":[{"href":"https:\/\/migracao.redenoticia.com.br\/noticia\/wp-json\/wp\/v2\/media?parent=115960"}],"wp:term":[{"taxonomy":"category","embeddable":true,"href":"https:\/\/migracao.redenoticia.com.br\/noticia\/wp-json\/wp\/v2\/categories?post=115960"},{"taxonomy":"post_tag","embeddable":true,"href":"https:\/\/migracao.redenoticia.com.br\/noticia\/wp-json\/wp\/v2\/tags?post=115960"}],"curies":[{"name":"wp","href":"https:\/\/api.w.org\/{rel}","templated":true}]}}